{"id":51785,"date":"2024-10-16T12:53:00","date_gmt":"2024-10-16T15:53:00","guid":{"rendered":"https:\/\/www.radiopresidenteibanez.cl\/web\/?p=51785"},"modified":"2024-10-16T11:27:05","modified_gmt":"2024-10-16T14:27:05","slug":"visita-del-ministro-de-relaciones-exteriores-alberto-vanklaveren-a-magallanes-reafirmacion-del-compromiso-con-bahia-fildes-y-la-antartica","status":"publish","type":"post","link":"https:\/\/www.radiopresidenteibanez.cl\/web\/visita-del-ministro-de-relaciones-exteriores-alberto-vanklaveren-a-magallanes-reafirmacion-del-compromiso-con-bahia-fildes-y-la-antartica\/","title":{"rendered":"Visita del Ministro de Relaciones Exteriores Alberto vanKlaveren a Magallanes: Reafirmaci\u00f3n del Compromiso con Bah\u00eda Fildes y la Ant\u00e1rtica"},"content":{"rendered":"\n<p>En el marco de su visita a la Regi\u00f3n de Magallanes, el Ministro de Relaciones Exteriores, Alberto van Klaveren, junto al Delegado Presidencial Regional, Jos\u00e9 Ruiz Pivcevic, el Contraalmirante Jorge Castillo Fuentes, Comandante en Jefe de la Tercera Zona Naval, y la Gobernadora regional (s) Eugenia Mancilla, se reunieron en ASMAR, a bordo del Remolcador Ant\u00e1rtico ATF60 \u00abLientur\u00bb,<br>para discutir la relevancia estrat\u00e9gica de Bah\u00eda Fildes, especialmente en el contexto del presupuesto 2025 presentado por el Presidente de la Rep\u00fablica. Esta reuni\u00f3n releva la importancia de este territorio en el marco de la pol\u00edtica exterior chilena y su rol en la proyecci\u00f3n de la soberan\u00eda nacional en la regi\u00f3n ant\u00e1rtica.<br>En la instancia estuvieron presentes, los Secretarios Regionales Ministeriales, de Medio Ambiente, Enrique Rebolledo, Ciencias, Ver\u00f3nica Vallejos y MOP, Jos\u00e9 Hern\u00e1ndez, el embajador Juan An\u00edbal Barr\u00eda, as\u00ed como representantes del Instituto Ant\u00e1rtico Chileno, INACH y la Universidad de Magallanes, UMAG, para discutir la relevancia estrat\u00e9gica de Bah\u00eda Fildes en relaci\u00f3n con el presupuesto 2025 presentado por el Presidente de la Rep\u00fablica. Esta reuni\u00f3n subraya la importancia de este territorio en la pol\u00edtica exterior chilena y su rol en la proyecci\u00f3n de la soberan\u00eda nacional en la regi\u00f3n ant\u00e1rtica.<br>Bah\u00eda Fildes, ubicada en la Isla Rey Jorge, es un punto neur\u00e1lgico para la proyecci\u00f3n de la presencia chilena en la Ant\u00e1rtica y un recurso vital para la investigaci\u00f3n cient\u00edfica. Este enclave no solo sirve como un puerto natural para las operaciones log\u00edsticas, sino que tambi\u00e9n alberga la Base Cient\u00edfica Presidente Eduardo Frei Montalva, la cual es fundamental para las investigaciones sobre el cambio clim\u00e1tico, la biodiversidad y los ecosistemas polares.<br>Durante el encuentro, el canciller enfatiz\u00f3 que \u00abla inversi\u00f3n en Bah\u00eda Fildes no solo refuerza nuestra presencia en la Ant\u00e1rtica, sino que tambi\u00e9n impulsa el desarrollo de proyectos de investigaci\u00f3n que son cruciales para el futuro de nuestro pa\u00eds y del planeta\u00bb.<br>La ubicaci\u00f3n estrat\u00e9gica de Bah\u00eda Fildes permite a Chile liderar en el \u00e1mbito cient\u00edfico y tecnol\u00f3gico en la regi\u00f3n, favoreciendo la colaboraci\u00f3n internacional en investigaciones cr\u00edticas. \u201cBah\u00eda Fildes es una prioridad para el presupuesto del 2025, se est\u00e1n asignando fondos especiales justamente para todo lo que es la construcci\u00f3n de un muelle y tambi\u00e9n de la infraestructura necesaria porque estamos hablando obviamente del continente ant\u00e1rtico y es una forma justamente de proyectar los intereses de Chile en el continente ant\u00e1rtico, que es una funci\u00f3n muy similar a la que desempe\u00f1a la base Teniente March, con la pista a\u00e9rea, que tambi\u00e9n va a ser objeto de una refacci\u00f3n\u201d, enfatiz\u00f3 el Canciller Van Kleveran El Delegado Presidencial explic\u00f3 c\u00f3mo el presupuesto anunciado incluye inversiones clave para el desarrollo urbano y la infraestructura en Magallanes, reafirmando el cumplimiento de compromisos gubernamentales y<br>subrayando que este presupuesto \u201crefleja el compromiso del presidente Gabriel Boric con la regi\u00f3n y permite desarrollar infraestructura clave para la industria del hidr\u00f3geno verde y otros proyectos relevantes en Magallanes\u201d. Asimismo, resalt\u00f3 la recuperaci\u00f3n de terrenos del Club H\u00edpico, la creaci\u00f3n de los parques urbanos y la ampliaci\u00f3n del terminal de pasajeros del aeropuerto Carlos Ib\u00e1\u00f1ez del Campo como avances significativos para la comunidad\u201d<\/p>\n\n\n\n<p>El presupuesto 2025 incluye asignaciones significativas para el fortalecimiento de la infraestructura en Bah\u00eda Fildes, lo que permitir\u00e1 mejorar las capacidades de operaci\u00f3n y log\u00edstica, as\u00ed como fomentar un entorno m\u00e1s propicio para la investigaci\u00f3n cient\u00edfica. El Ministro Van Klaveren destac\u00f3 que \u00abla inversi\u00f3n en Bah\u00eda Fildes no solo refuerza nuestra presencia en la Ant\u00e1rtica, sino que tambi\u00e9n impulsa el desarrollo de proyectos de investigaci\u00f3n que son cruciales para el futuro de nuestro pa\u00eds y del planeta\u00bb.<br>La Armada de Chile juega un rol esencial en este contexto, siendo responsable de la log\u00edstica y el apoyo operativo en la regi\u00f3n. A trav\u00e9s de sus operaciones, la Armada asegura el transporte de personal y suministros a las bases cient\u00edficas, garantizando as\u00ed la continuidad de las investigaciones y la presencia nacional en la Ant\u00e1rtica. El Almirante destac\u00f3 el papel hist\u00f3rico y continuo de la Armada de Chile en Magallanes, acentuando la importancia del mar para el desarrollo del pa\u00eds y la pr\u00f3xima firma de un convenio que mejorar\u00e1 las infraestructuras portuarias. \u201cLa Armada de Chile ha estado presente en la regi\u00f3n de Magallanes desde 1843 y seguir\u00e1 comprometida con el desarrollo nacional en esta zona estrat\u00e9gica, asegurando el transporte de personal y suministros a las bases cient\u00edficas\u201d. Destacando, adem\u00e1s \u201cEl proyecto<br>de Infraporpar, es un proyecto que nos permitir\u00e1 contar con un muelle en la Base Naval de Punta Arenas, mejorando nuestro posicionamiento en un sector relevante y estrat\u00e9gico para nuestro pa\u00eds, como tambi\u00e9n la proyecci\u00f3n hacia el sur, hacia la Ant\u00e1rtica\u201d.<br>La Gobernadora regional (s) Eugenia Mancilla, resalt\u00f3 el aumento en el presupuesto para el pr\u00f3ximo a\u00f1o, que facilitar\u00e1 la ejecuci\u00f3n de convenios de programaci\u00f3n y proyectos esenciales para mejorar la calidad de vida en Magallanes, afirmando que \u201cel incremento del 7,5% en el presupuesto de inversi\u00f3n regional nos permitir\u00e1 desarrollar no solamente nuestros planes de gobierno, sino que avanzar en los compromisos que tenemos con Ciudadan\u00eda respecto a incrementar ya un aporte sustantivo que estamos haciendo en materia de vivienda y compra de terrenos para proyectos habitacionales, para salud, acabamos de aprobar ayer en el<br>Consejo Regional un importante proyecto para acortar las listas de espera en nuestra regi\u00f3n y seguir aportando en materia de seguridad y desarrollo regional\u201d.<br>La colaboraci\u00f3n entre diversas instituciones del Estado reafirma el compromiso de Chile de proteger y promover sus intereses en el continente blanco. La INACH, como principal entidad cient\u00edfica, ser\u00e1 clave en la implementaci\u00f3n de los nuevos proyectos y en fortalecer el trabajo colaborativo con otros pa\u00edses en la investigaci\u00f3n ant\u00e1rtica. La promoci\u00f3n de Bah\u00eda Fildes como un centro de excelencia cient\u00edfica subraya la intenci\u00f3n del Gobierno de fortalecer su liderazgo en la investigaci\u00f3n ant\u00e1rtica y asegurar la sostenibilidad de los recursos en esta regi\u00f3n vital. De igual forma, la Universidad de Magallanes, UMAG, es un actor importante en la promoci\u00f3n del desarrollo sostenible en la regi\u00f3n, contribuyendo a la investigaci\u00f3n, formaci\u00f3n y colaboraci\u00f3n en torno a los desaf\u00edos que enfrenta Magallanes, especialmente en el contexto de su relaci\u00f3n con la Ant\u00e1rtica.<br>Asimismo, la presencia de los Secretarios\/as Regionales Ministeriales de Ciencia, Medio Ambiente y MOP en esta instancia, es esencial para garantizar un desarrollo armonioso y sostenible en Bah\u00eda Fildes y la regi\u00f3n ant\u00e1rtica, alineando los objetivos del gobierno con las necesidades y realidades locales.<br>La visita del canciller a Magallanes resalta la importancia que el Gobierno de Chile otorga a la regi\u00f3n y su papel fundamental en la proyecci\u00f3n de la soberan\u00eda nacional en la Ant\u00e1rtica. La inversi\u00f3n en Bah\u00eda Fildes es un paso firme hacia el fortalecimiento de nuestra presencia en uno de los territorios m\u00e1s estrat\u00e9gicos del mundo.<br>\u201cChile en realidad es una potencia ant\u00e1rtica y eso implica tambi\u00e9n una gran responsabilidad para nuestro pa\u00eds. Tenemos una pol\u00edtica nacional ant\u00e1rtica en la que participan todos los sectores, obviamente incluyendo esta regi\u00f3n de Magallanes y aparte de eso tambi\u00e9n tenemos que jugar un papel muy significativo en el sistema ant\u00e1rtico\u201d, concluy\u00f3 el Ministro.<\/p>\n\n\n\n<p><\/p>\n","protected":false},"excerpt":{"rendered":"<p>En el marco de su visita a la Regi\u00f3n de Magallanes, el Ministro de Relaciones Exteriores, Alberto van Klaveren, junto al Delegado Presidencial Regional, Jos\u00e9 Ruiz Pivcevic, el Contraalmirante Jorge&#8230; <a class=\"read-more\" href=\"https:\/\/www.radiopresidenteibanez.cl\/web\/visita-del-ministro-de-relaciones-exteriores-alberto-vanklaveren-a-magallanes-reafirmacion-del-compromiso-con-bahia-fildes-y-la-antartica\/\">Leer m\u00e1s<\/a><\/p>\n","protected":false},"author":2,"featured_media":51786,"comment_status":"closed","ping_status":"closed","sticky":false,"template":"","format":"standard","meta":{"footnotes":""},"categories":[1],"tags":[],"class_list":["post-51785","post","type-post","status-publish","format-standard","has-post-thumbnail","hentry","category-cronica"],"_links":{"self":[{"href":"https:\/\/www.radiopresidenteibanez.cl\/web\/wp-json\/wp\/v2\/posts\/51785","targetHints":{"allow":["GET"]}}],"collection":[{"href":"https:\/\/www.radiopresidenteibanez.cl\/web\/wp-json\/wp\/v2\/posts"}],"about":[{"href":"https:\/\/www.radiopresidenteibanez.cl\/web\/wp-json\/wp\/v2\/types\/post"}],"author":[{"embeddable":true,"href":"https:\/\/www.radiopresidenteibanez.cl\/web\/wp-json\/wp\/v2\/users\/2"}],"replies":[{"embeddable":true,"href":"https:\/\/www.radiopresidenteibanez.cl\/web\/wp-json\/wp\/v2\/comments?post=51785"}],"version-history":[{"count":0,"href":"https:\/\/www.radiopresidenteibanez.cl\/web\/wp-json\/wp\/v2\/posts\/51785\/revisions"}],"wp:featuredmedia":[{"embeddable":true,"href":"https:\/\/www.radiopresidenteibanez.cl\/web\/wp-json\/wp\/v2\/media\/51786"}],"wp:attachment":[{"href":"https:\/\/www.radiopresidenteibanez.cl\/web\/wp-json\/wp\/v2\/media?parent=51785"}],"wp:term":[{"taxonomy":"category","embeddable":true,"href":"https:\/\/www.radiopresidenteibanez.cl\/web\/wp-json\/wp\/v2\/categories?post=51785"},{"taxonomy":"post_tag","embeddable":true,"href":"https:\/\/www.radiopresidenteibanez.cl\/web\/wp-json\/wp\/v2\/tags?post=51785"}],"curies":[{"name":"wp","href":"https:\/\/api.w.org\/{rel}","templated":true}]}}