{"id":5178,"date":"2019-06-19T15:30:28","date_gmt":"2019-06-19T15:30:28","guid":{"rendered":"http:\/\/www.radiopresidenteibanez.cl\/web\/?p=5178"},"modified":"2019-06-19T15:30:36","modified_gmt":"2019-06-19T15:30:36","slug":"presidente-pinera-presenta-el-plan-de-modernizacion-de-aeropuertos-esta-red-va-a-tener-la-capacidad-de-integrar-a-nuestro-pais","status":"publish","type":"post","link":"https:\/\/www.radiopresidenteibanez.cl\/web\/presidente-pinera-presenta-el-plan-de-modernizacion-de-aeropuertos-esta-red-va-a-tener-la-capacidad-de-integrar-a-nuestro-pais\/","title":{"rendered":"PRESIDENTE PI\u00d1ERA PRESENTA EL PLAN DE MODERNIZACI\u00d3N DE AEROPUERTOS: \u201cESTA RED VA A TENER LA CAPACIDAD DE INTEGRAR A NUESTRO PA\u00cdS\u201d"},"content":{"rendered":"\n<p>\n\nEl Presidente Sebasti\u00e1n Pi\u00f1era, acompa\u00f1ado de los Ministros de Obras P\u00fablicas, Alfredo Moreno, y de Econom\u00eda, Juan Andr\u00e9s Fontaine, present\u00f3 este mi\u00e9rcoles el proyecto de modernizaci\u00f3n de la red de aeropuertos que mejorar\u00e1 el est\u00e1ndar de servicio para los usuarios en 17 terminales del pa\u00eds.<\/p>\n\n\n\n<p>\u201cEl programa de la Red de Aeropuertos que estamos impulsando va a mejorar la calidad de vida y la conectividad, y muy especialmente en las regiones de nuestro pa\u00eds\u201d, dijo el Mandatario en una actividad en las faenas del Terminal Internacional T2 del aeropuerto Arturo Merino Ben\u00edtez.<\/p>\n\n\n\n<p>El plan de trabajo en aeropuertos concesionados (16 regionales y Arturo Merino Ben\u00edtez en Santiago), contempla inversiones por US$1.442 millones, y aumentar\u00e1 la capacidad desde 214.000 m2 a 537.000 m2 de terminales para responder a la demanda de los pr\u00f3ximos 20 a\u00f1os.<\/p>\n\n\n\n<p>El plan incluye la licitaci\u00f3n de cinco aeropuertos actualmente administrados por la DGAC (Puc\u00f3n, Valdivia, Osorno, Castro y Balmaceda) y uno administrado por la Armada (Vi\u00f1a del Mar).<\/p>\n\n\n\n<p>Adem\u00e1s, 15 aeropuertos tendr\u00e1n capacidad para ofrecer servicios de operaci\u00f3n internacional. A los seis actuales (Arica, Iquique, Antofagasta, Santiago, Puerto Montt y Punta Arenas) se sumar\u00e1n Calama, Copiap\u00f3, La Serena, Conc\u00f3n, Concepci\u00f3n, Temuco, Puc\u00f3n, Osorno y Castro.<\/p>\n\n\n\n<p>\u201cEsta Red de Aeropuertos tiene una capacidad de integrar a nuestro pa\u00eds, pero tambi\u00e9n de integrar a todo nuestro pa\u00eds, incluyendo sus regiones, con el resto del mundo\u201d, agreg\u00f3 el Mandatario.<\/p>\n\n\n\n<p>En la actividad, el Presidente Pi\u00f1era anunci\u00f3 una rebaja de las tasas de embarque de 10% para vuelos nacionales desde septiembre, una continuidad de la pol\u00edtica iniciada el a\u00f1o pasado, lo que reducir\u00e1 el costo total de viaje para los usuarios.<\/p>\n\n\n\n<p>\u201cEsto es parte del programa para poder hacer de Chile un pa\u00eds m\u00e1s moderno\u201d, concluy\u00f3. <\/p>\n\n\n\n<figure class=\"wp-block-image\"><img loading=\"lazy\" decoding=\"async\" width=\"800\" height=\"450\" src=\"https:\/\/www.radiopresidenteibanez.cl\/web\/wp-content\/uploads\/2019\/06\/unnamed.jpg\" alt=\"\" class=\"wp-image-5180\" srcset=\"https:\/\/www.radiopresidenteibanez.cl\/web\/wp-content\/uploads\/2019\/06\/unnamed.jpg 800w, https:\/\/www.radiopresidenteibanez.cl\/web\/wp-content\/uploads\/2019\/06\/unnamed-300x169.jpg 300w, https:\/\/www.radiopresidenteibanez.cl\/web\/wp-content\/uploads\/2019\/06\/unnamed-768x432.jpg 768w\" sizes=\"auto, (max-width: 800px) 100vw, 800px\" \/><\/figure>\n","protected":false},"excerpt":{"rendered":"<p>El Presidente Sebasti\u00e1n Pi\u00f1era, acompa\u00f1ado de los Ministros de Obras P\u00fablicas, Alfredo Moreno, y de Econom\u00eda, Juan Andr\u00e9s Fontaine, present\u00f3 este mi\u00e9rcoles el proyecto de modernizaci\u00f3n de la red de&#8230; <a class=\"read-more\" href=\"https:\/\/www.radiopresidenteibanez.cl\/web\/presidente-pinera-presenta-el-plan-de-modernizacion-de-aeropuertos-esta-red-va-a-tener-la-capacidad-de-integrar-a-nuestro-pais\/\">Leer m\u00e1s<\/a><\/p>\n","protected":false},"author":2,"featured_media":5180,"comment_status":"closed","ping_status":"closed","sticky":false,"template":"","format":"standard","meta":{"footnotes":""},"categories":[1],"tags":[],"class_list":["post-5178","post","type-post","status-publish","format-standard","has-post-thumbnail","hentry","category-cronica"],"_links":{"self":[{"href":"https:\/\/www.radiopresidenteibanez.cl\/web\/wp-json\/wp\/v2\/posts\/5178","targetHints":{"allow":["GET"]}}],"collection":[{"href":"https:\/\/www.radiopresidenteibanez.cl\/web\/wp-json\/wp\/v2\/posts"}],"about":[{"href":"https:\/\/www.radiopresidenteibanez.cl\/web\/wp-json\/wp\/v2\/types\/post"}],"author":[{"embeddable":true,"href":"https:\/\/www.radiopresidenteibanez.cl\/web\/wp-json\/wp\/v2\/users\/2"}],"replies":[{"embeddable":true,"href":"https:\/\/www.radiopresidenteibanez.cl\/web\/wp-json\/wp\/v2\/comments?post=5178"}],"version-history":[{"count":0,"href":"https:\/\/www.radiopresidenteibanez.cl\/web\/wp-json\/wp\/v2\/posts\/5178\/revisions"}],"wp:featuredmedia":[{"embeddable":true,"href":"https:\/\/www.radiopresidenteibanez.cl\/web\/wp-json\/wp\/v2\/media\/5180"}],"wp:attachment":[{"href":"https:\/\/www.radiopresidenteibanez.cl\/web\/wp-json\/wp\/v2\/media?parent=5178"}],"wp:term":[{"taxonomy":"category","embeddable":true,"href":"https:\/\/www.radiopresidenteibanez.cl\/web\/wp-json\/wp\/v2\/categories?post=5178"},{"taxonomy":"post_tag","embeddable":true,"href":"https:\/\/www.radiopresidenteibanez.cl\/web\/wp-json\/wp\/v2\/tags?post=5178"}],"curies":[{"name":"wp","href":"https:\/\/api.w.org\/{rel}","templated":true}]}}