{"id":51748,"date":"2024-10-14T18:13:00","date_gmt":"2024-10-14T21:13:00","guid":{"rendered":"https:\/\/www.radiopresidenteibanez.cl\/web\/?p=51748"},"modified":"2024-10-14T15:57:20","modified_gmt":"2024-10-14T18:57:20","slug":"agricultores-se-capacitan-para-resguardar-las-semillas-tradicionales-de-magallanes-y-contribuir-a-la-soberania-alimentaria","status":"publish","type":"post","link":"https:\/\/www.radiopresidenteibanez.cl\/web\/agricultores-se-capacitan-para-resguardar-las-semillas-tradicionales-de-magallanes-y-contribuir-a-la-soberania-alimentaria\/","title":{"rendered":"AGRICULTORES SE CAPACITAN PARA RESGUARDAR LAS SEMILLAS TRADICIONALES DE MAGALLANES Y CONTRIBUIR A LA SOBERAN\u00cdA ALIMENTARIA"},"content":{"rendered":"\n<p>La Secretar\u00eda Regional Ministerial de la regi\u00f3n de Magallanes y de la Ant\u00e1rtica chilena, junto al El Servicio Agr\u00edcola y Ganadero (SAG) realizaron el taller denominado \u201cResguardo de semillas de Magallanes para la conservaci\u00f3n de su soberan\u00eda alimentaria y el resguardo de material gen\u00e9tico patrimonial\u201d, una actividad dirigida a agricultoras usuarias del Instituto de Desarrollo Agropecuario, INDAP, del Ministerio de Agricultura (MINAGRI).<br>La Seremi de Agricultura, Irene Ram\u00edrez manifest\u00f3 que \u201choy el laboratorio del Sag abri\u00f3 sus<br>puertas para mostrar y transferir la tecnolog\u00eda con la que cuenta el banco de semillas que<br>resguarda el Sag, lo que da cuenta de las capacidades regionales para la conservaci\u00f3n de recursos<br>gen\u00e9ticos vegetales, cruciales para el desarrollo sostenible y la preservaci\u00f3n del patrimonio<br>agr\u00edcola en Magallanes\u201d. En este sentido, la Seremi, bi\u00f3loga de profesi\u00f3n, explic\u00f3 que las semillas<br>tienen memoria y han sido utilizada de generaci\u00f3n en generaci\u00f3n por lo que esta capacitaci\u00f3n<br>entrega insumos relevantes para que nuestras productoras puedan incorporar t\u00e9cnicas que<br>contribuyan a obtener y resguardar sus propias semillas. Mejor\u00e1ndolas en el tiempo.<br>Las semillas adaptadas a las condiciones clim\u00e1ticas y de suelo de Magallanes son esenciales para la resiliencia de los ecosistemas en un mundo en constante cambio. Cada ciclo de cultivo permite<br>que las semillas acumulen informaci\u00f3n gen\u00e9tica y ecol\u00f3gica valiosa, la cual es transmitida de<br>generaci\u00f3n en generaci\u00f3n. Sin embargo, las semillas tambi\u00e9n enfrentan un proceso natural de<br>degradaci\u00f3n con el tiempo, el cual var\u00eda seg\u00fan la especie y las condiciones de almacenamiento.<br>As\u00ed lo explic\u00f3 Roberto Niculcar, a cargo del laboratorio y quien dict\u00f3 el taller para entregar los<br>conocimientos t\u00e9cnicos y mostrar la infraestructura adecuada para la conservaci\u00f3n de semillas,<br>aspectos que facilitan la preservaci\u00f3n de las semillas en condiciones \u00f3ptimas.<br>Lo anterior en respuesta a la necesidad planteada por los y las agricultoras en talleres realizados a<br>trav\u00e9s de la Seremi de Agricultura, coordinando para que el SAG de Magallanes que opera este<br>Banco de Germoplasma desde 2010 y que resguarda m\u00e1s de 16.000 muestras de semillas, pueda<br>traspasar esta valiosa experiencia a trav\u00e9s del taller, que incluy\u00f3 una capacitaci\u00f3n en los<br>fundamentos biol\u00f3gicos y t\u00e9cnicos para la conservaci\u00f3n de semillas.<br>Este taller representa una oportunidad \u00fanica para la agricultoras de la regi\u00f3n, ya que les permite<br>adquirir herramientas y conocimientos esenciales para la gesti\u00f3n de sus propios recursos<br>gen\u00e9ticos, contribuyendo a la conservaci\u00f3n de la biodiversidad local y al fortalecimiento de la<br>soberan\u00eda alimentaria de Magallanes, dijo finalmente la seremi de Agricultura.<\/p>\n","protected":false},"excerpt":{"rendered":"<p>La Secretar\u00eda Regional Ministerial de la regi\u00f3n de Magallanes y de la Ant\u00e1rtica chilena, junto al El Servicio Agr\u00edcola y Ganadero (SAG) realizaron el taller denominado \u201cResguardo de semillas de&#8230; <a class=\"read-more\" href=\"https:\/\/www.radiopresidenteibanez.cl\/web\/agricultores-se-capacitan-para-resguardar-las-semillas-tradicionales-de-magallanes-y-contribuir-a-la-soberania-alimentaria\/\">Leer m\u00e1s<\/a><\/p>\n","protected":false},"author":2,"featured_media":51749,"comment_status":"closed","ping_status":"closed","sticky":false,"template":"","format":"standard","meta":{"footnotes":""},"categories":[1],"tags":[],"class_list":["post-51748","post","type-post","status-publish","format-standard","has-post-thumbnail","hentry","category-cronica"],"_links":{"self":[{"href":"https:\/\/www.radiopresidenteibanez.cl\/web\/wp-json\/wp\/v2\/posts\/51748","targetHints":{"allow":["GET"]}}],"collection":[{"href":"https:\/\/www.radiopresidenteibanez.cl\/web\/wp-json\/wp\/v2\/posts"}],"about":[{"href":"https:\/\/www.radiopresidenteibanez.cl\/web\/wp-json\/wp\/v2\/types\/post"}],"author":[{"embeddable":true,"href":"https:\/\/www.radiopresidenteibanez.cl\/web\/wp-json\/wp\/v2\/users\/2"}],"replies":[{"embeddable":true,"href":"https:\/\/www.radiopresidenteibanez.cl\/web\/wp-json\/wp\/v2\/comments?post=51748"}],"version-history":[{"count":0,"href":"https:\/\/www.radiopresidenteibanez.cl\/web\/wp-json\/wp\/v2\/posts\/51748\/revisions"}],"wp:featuredmedia":[{"embeddable":true,"href":"https:\/\/www.radiopresidenteibanez.cl\/web\/wp-json\/wp\/v2\/media\/51749"}],"wp:attachment":[{"href":"https:\/\/www.radiopresidenteibanez.cl\/web\/wp-json\/wp\/v2\/media?parent=51748"}],"wp:term":[{"taxonomy":"category","embeddable":true,"href":"https:\/\/www.radiopresidenteibanez.cl\/web\/wp-json\/wp\/v2\/categories?post=51748"},{"taxonomy":"post_tag","embeddable":true,"href":"https:\/\/www.radiopresidenteibanez.cl\/web\/wp-json\/wp\/v2\/tags?post=51748"}],"curies":[{"name":"wp","href":"https:\/\/api.w.org\/{rel}","templated":true}]}}