{"id":51742,"date":"2024-10-14T15:49:55","date_gmt":"2024-10-14T18:49:55","guid":{"rendered":"https:\/\/www.radiopresidenteibanez.cl\/web\/?p=51742"},"modified":"2024-10-14T15:50:00","modified_gmt":"2024-10-14T18:50:00","slug":"seremi-de-ciencia-veronica-vallejos-invita-a-postular-a-desafios-publicos-2025","status":"publish","type":"post","link":"https:\/\/www.radiopresidenteibanez.cl\/web\/seremi-de-ciencia-veronica-vallejos-invita-a-postular-a-desafios-publicos-2025\/","title":{"rendered":"Seremi de Ciencia Ver\u00f3nica Vallejos invita a postular a Desaf\u00edos P\u00fablicos 2025"},"content":{"rendered":"\n<p>Ya est\u00e1 abierta la etapa 1 de los Desaf\u00edos P\u00fablicos, concurso de innovaci\u00f3n abierta que tiene por objetivo encontrar soluciones innovadoras a problemas p\u00fablicos complejos que requieran investigaci\u00f3n, desarrollo e innovaci\u00f3n a fin de generar un impacto positivo en el pa\u00eds, tanto a nivel econ\u00f3mico como ambiental y social.<\/p>\n\n\n\n<p>Esta iniciativa, liderada por el Ministerio de Ciencia, Tecnolog\u00eda, Conocimiento e Innovaci\u00f3n, en conjunto con la Agencia Nacional de Investigaci\u00f3n y Desarrollo (ANID) y el Laboratorio de Gobierno (LabGob) del Ministerio de Hacienda, busca conectar a quienes demandan o necesitan soluciones y que pertenecen al mundo p\u00fablico, como municipalidades, ministerios, servicios o empresas p\u00fablicas, con Startups, centros de investigaci\u00f3n, universidades, grupos de emprendedores, u otros, para que desarrollen dichas soluciones, explic\u00f3 la seremi de Ciencia, Ver\u00f3nica Vallejos.<\/p>\n\n\n\n<p>Seg\u00fan indic\u00f3 la autoridad, el desaf\u00edo a presentar debe cumplir con ciertas caracter\u00edsticas: \u201ces importante que la necesidad que se presente est\u00e9 bien definida, es decir, que tenga una meta clara, y que requiera de investigaci\u00f3n y desarrollo, o del desarrollo de nuevas tecnolog\u00edas. Tambi\u00e9n se necesita que se vislumbre que el problema expuesto tiene posibles soluciones y que \u00e9stas impactar\u00e1n a la poblaci\u00f3n, la cual debe estar claramente identificada, con un an\u00e1lisis de su tama\u00f1o\u201d.<\/p>\n\n\n\n<p>Las problem\u00e1ticas que sean seleccionadas pasar\u00e1n a la etapa 2 del concurso, en la que ser\u00e1n trabajadas y reformuladas con apoyo del Laboratorio de Gobierno, para transformarse en un desaf\u00edo, el que en la etapa 3 ser\u00e1 presentado mediante un llamado a concurso de innovaci\u00f3n abierta para que startups, centros de investigaci\u00f3n, universidades, etc., propongan las soluciones. Las propuestas ganadoras avanzar\u00e1n a la \u00faltima etapa donde recibir\u00e1n financiamiento para iniciar su desarrollo, y presentar finalmente una soluci\u00f3n al problema seleccionado.<\/p>\n\n\n\n<p>Las postulaciones para la presentaci\u00f3n de problemas est\u00e1n abiertas hasta el 5 de noviembre, y se debe llenar un formulario a trav\u00e9s de la plataforma<a href=\"http:\/\/www.fondos.gob.cl\/\" target=\"_blank\" rel=\"noreferrer noopener\">&nbsp;<\/a><a href=\"http:\/\/www.fondos.gob.cl\/\" target=\"_blank\" rel=\"noreferrer noopener\">www.fondos.gob.cl<\/a>. Las bases est\u00e1n disponibles en la p\u00e1gina web<a href=\"https:\/\/desafiospublicos.cl\/\" target=\"_blank\" rel=\"noreferrer noopener\">&nbsp;<\/a><a href=\"https:\/\/desafiospublicos.cl\/\" target=\"_blank\" rel=\"noreferrer noopener\">https:\/\/desafiospublicos.cl\/<\/a>. Adem\u00e1s, el MinCiencia realizar\u00e1 un webinar informativo el 25 de octubre a las 10 horas, al cual invitamos a las y los interesados a inscribirse, mediante el enlace<a href=\"https:\/\/tinyurl.com\/dpublicos\" target=\"_blank\" rel=\"noreferrer noopener\">&nbsp;<\/a><a href=\"https:\/\/tinyurl.com\/dpublicos\" target=\"_blank\" rel=\"noreferrer noopener\">https:\/\/tinyurl.com\/dpublicos<\/a>.<\/p>\n","protected":false},"excerpt":{"rendered":"<p>Ya est\u00e1 abierta la etapa 1 de los Desaf\u00edos P\u00fablicos, concurso de innovaci\u00f3n abierta que tiene por objetivo encontrar soluciones innovadoras a problemas p\u00fablicos complejos que requieran investigaci\u00f3n, desarrollo e&#8230; <a class=\"read-more\" href=\"https:\/\/www.radiopresidenteibanez.cl\/web\/seremi-de-ciencia-veronica-vallejos-invita-a-postular-a-desafios-publicos-2025\/\">Leer m\u00e1s<\/a><\/p>\n","protected":false},"author":2,"featured_media":51743,"comment_status":"closed","ping_status":"closed","sticky":false,"template":"","format":"standard","meta":{"footnotes":""},"categories":[1],"tags":[],"class_list":["post-51742","post","type-post","status-publish","format-standard","has-post-thumbnail","hentry","category-cronica"],"_links":{"self":[{"href":"https:\/\/www.radiopresidenteibanez.cl\/web\/wp-json\/wp\/v2\/posts\/51742","targetHints":{"allow":["GET"]}}],"collection":[{"href":"https:\/\/www.radiopresidenteibanez.cl\/web\/wp-json\/wp\/v2\/posts"}],"about":[{"href":"https:\/\/www.radiopresidenteibanez.cl\/web\/wp-json\/wp\/v2\/types\/post"}],"author":[{"embeddable":true,"href":"https:\/\/www.radiopresidenteibanez.cl\/web\/wp-json\/wp\/v2\/users\/2"}],"replies":[{"embeddable":true,"href":"https:\/\/www.radiopresidenteibanez.cl\/web\/wp-json\/wp\/v2\/comments?post=51742"}],"version-history":[{"count":0,"href":"https:\/\/www.radiopresidenteibanez.cl\/web\/wp-json\/wp\/v2\/posts\/51742\/revisions"}],"wp:featuredmedia":[{"embeddable":true,"href":"https:\/\/www.radiopresidenteibanez.cl\/web\/wp-json\/wp\/v2\/media\/51743"}],"wp:attachment":[{"href":"https:\/\/www.radiopresidenteibanez.cl\/web\/wp-json\/wp\/v2\/media?parent=51742"}],"wp:term":[{"taxonomy":"category","embeddable":true,"href":"https:\/\/www.radiopresidenteibanez.cl\/web\/wp-json\/wp\/v2\/categories?post=51742"},{"taxonomy":"post_tag","embeddable":true,"href":"https:\/\/www.radiopresidenteibanez.cl\/web\/wp-json\/wp\/v2\/tags?post=51742"}],"curies":[{"name":"wp","href":"https:\/\/api.w.org\/{rel}","templated":true}]}}