{"id":51732,"date":"2024-10-14T11:37:00","date_gmt":"2024-10-14T14:37:00","guid":{"rendered":"https:\/\/www.radiopresidenteibanez.cl\/web\/?p=51732"},"modified":"2024-10-14T11:12:16","modified_gmt":"2024-10-14T14:12:16","slug":"san-gregorio-festejo-su-aniversario-con-multiples-actividades","status":"publish","type":"post","link":"https:\/\/www.radiopresidenteibanez.cl\/web\/san-gregorio-festejo-su-aniversario-con-multiples-actividades\/","title":{"rendered":"San Gregorio festej\u00f3 su aniversario con m\u00faltiples actividades"},"content":{"rendered":"\n<p>\u201cSan Gregorio cumple 45 a\u00f1os de existencia y por eso quisimos reactivar las tradiciones de campo y organizar shows art\u00edsticos, culturales y musicales para que la comunidad pueda disfrutar. Estamos muy contentos como Municipalidad porque hemos visto una gran participaci\u00f3n de la comunidad en todas las actividades que hemos organizado\u201d, apunt\u00f3 Jorge Mu\u00f1oz, Alcalde (s) de San Gregorio.<\/p>\n\n\n\n<p>El \u00faltimo d\u00eda de la \u201cSemana San Gregoriana 2024\u201d se desarroll\u00f3 en la Cancha de Jineteadas de Villa Punta Delgada (a un costado de la ruta CH-255). Luego de una tradicional Jineteada Rural, vecinos y vecinas de San Gregorio y habitantes de otras comunas de Magallanes vibraron con presentaciones de exponentes de Chamam\u00e9, cumbia ranchera y nueva cumbia chilena de gran renombre: \u201cLos Chamanes de la Patagonia\u201d, \u201cLos Pincheiras del Sur\u201d y \u201cTomo Como Rey\u201d.<\/p>\n\n\n\n<p><strong>\u201cLos Pincheiras del Sur\u201d<\/strong>, agrupaci\u00f3n musical de estilo cumbia ranchera con m\u00e1s de 14 a\u00f1os de trayectoria, cantaron sus \u00e9xitos como \u201ca trav\u00e9s del vaso\u201d, \u201ctatuaje\u201d, \u201cmaldita sea la primera vez\u201d, entre otras. Adem\u00e1s, cantaron nuevas canciones como \u201ccicatrices\u201d y \u201cprimera cita\u201d.<\/p>\n\n\n\n<p>\u201cNosotros muy contentos de estar ac\u00e1, en este rinc\u00f3n hermoso de Chile, nos vamos con la energ\u00eda del p\u00fablico porque ten\u00edan muchas ganas de pasarlo bien y nosotros pudimos dar un buen show. Recorrimos toda la pampa magall\u00e1nica, vali\u00f3 la pena, la gente lo disfrut\u00f3 y nosotros lo vivimos al 100%\u201d, indicaron los tres integrantes de \u201cLos Pincheiras del Sur\u201d.<\/p>\n\n\n\n<p>Como broche de oro,&nbsp;<strong>\u201cTomo como rey\u201d<\/strong>&nbsp;se present\u00f3 en la Cancha de Jineteadas de Villa Punta Delgada. Este grupo pionero de la \u201cnueva cumbia chilena\u201d hizo bailar a todo el p\u00fablico de la comuna rural, con un repertorio propio que se nutre de cumbia, ska, rock e incluso momentos de punk. El p\u00fablico core\u00f3 sus canciones m\u00e1s famosas, como \u00abel ni\u00f1o maravilla\u00bb, \u00abarriba de la pelota\u00bb, \u00ablos que toman como rey\u00bb y \u00abno tomo m\u00e1s\u00bb.<\/p>\n\n\n\n<p>\u201cEstar en el aniversario de San Gregorio nos llena de orgullo porque hemos recorrido varias partes de Chile, incluido Punta Arenas varias veces, pero no hab\u00edamos tenido la suerte de visitar San Gregorio. Agradecemos a la gente por sus ganas de pasarlo bien, a pesar del fr\u00edo\u201d, describi\u00f3 Rodrigo \u00abNegro\u00bb Medel, vocalista de \u00abTomo como Rey\u00bb.<\/p>\n\n\n\n<p>Adem\u00e1s de los shows musicales, el&nbsp;<strong>\u201cHuaso Filomeno\u201d<\/strong>&nbsp;lleg\u00f3 hasta San Gregorio a hacer re\u00edr a toda la comunidad con la magia y picard\u00eda del campo chileno. Incluso, el humorista chileno celebr\u00f3 su cumplea\u00f1os en el escenario frente a vecinos y vecinas de la comuna.<\/p>\n\n\n\n<p>\u201cCuando comenc\u00e9 mi carrera, en los primeros a\u00f1os, estuve en San Gregorio y ahora volver ac\u00e1, y ser recibido con mucho cari\u00f1o, es excelente, un sue\u00f1o\u201d, manifest\u00f3 el \u201cHuaso Filomeno\u201d.<\/p>\n\n\n\n<p>Finalmente, desde las 01:00 hrs. la comunidad de San Gregorio particip\u00f3 de una gran fiesta en el Gimnasio Municipal, en el que se present\u00f3 el&nbsp;<strong>Grupo Fortaleza<\/strong>.<\/p>\n\n\n\n<p><strong>Otras actividades de \u201cSemana San Gregoriana 2024\u201d<\/strong><\/p>\n\n\n\n<p>La \u201cSemana San Gregoriana 2024\u201d arranc\u00f3 el s\u00e1bado 5 de octubre con un&nbsp;<strong>Campeonato de V\u00f3leibol<\/strong>, evento deportivo en el que participaron equipos conformados por vecinos y vecinas de San Gregorio, y equipos de Punta Arenas y Laguna Blanca.<\/p>\n\n\n\n<p>El lunes 7 de octubre se desarroll\u00f3 la&nbsp;<strong>Tarde Deportiva Ni\u00f1os, Ni\u00f1as y Adolescentes<\/strong>&nbsp;en Gimnasio Municipal, donde hubo entretenidos juegos y luego una cicletada por las calles de Villa Punta Delgada. El martes 8 de octubre se realiz\u00f3 el&nbsp;<strong>\u201cCampeonato de truco y carioca\u201d<\/strong>&nbsp;en el Centro Comunitario de San Gregorio. En carioca, triunf\u00f3 Ruperta Ruiz y en segundo lugar qued\u00f3 Mar\u00eda Elsa Vidal. En tanto, en truco venci\u00f3 la dupla de Jos\u00e9 Hern\u00e1ndez y Luis Barr\u00eda.<\/p>\n\n\n\n<p>A partir de las 20 hrs. del mi\u00e9rcoles 9 de octubre vecinos y vecinas de San Gregorio disfrutaron de un&nbsp;<strong>\u201cEncuentro LUMEN 2024 \u201cNuevos Mundos en comunidad: proyecciones monumentales en el Sur del mundo II\u201d<\/strong>, en el cual obras de v\u00eddeo mapping, utilizando compost creativo, aparecieron en las paredes del Gimnasio Municipal.<\/p>\n\n\n\n<p>El viernes 11 de octubre se efectuaron una serie de&nbsp;<strong>Presentaciones Culturales &#8211; Art\u00edsticas<\/strong>&nbsp;en el Gimnasio Municipal: la comunidad apreci\u00f3 las expresiones culturales y art\u00edsticas de \u201cEsencias de Mi Tierra\u201d, Compa\u00f1\u00eda Folcl\u00f3rica \u201cBrisa Austral\u201d y Grupo de Danza local \u201cFlor de Calafate\u201d.<\/p>\n\n\n\n<p>La tradicional&nbsp;<strong>Jineteada Rural<\/strong>&nbsp;comenz\u00f3 durante las primeras horas de la ma\u00f1ana del s\u00e1bado en la Cancha de Jineteadas de Villa Punta Delgada (a un costado de la ruta CH-255). Esta actividad fue financiada por el 8% del Gobierno Regional de Magallanes. M\u00e1s de veinte jinetes provenientes de comunas como Punta Arenas y Puerto Natales participaron de la Jineteada Rural de San Gregorio. En categor\u00eda de Grupa venci\u00f3 el jinete Rafael Loaiza, en categor\u00eda bastos triunf\u00f3 Alexis Guineo, y en categor\u00eda Crina gan\u00f3 Jos\u00e9 Luis Larenas.<\/p>\n\n\n\n<p>Todos los eventos de la Semana San Gregoriana 2024 fueron de acceso liberado. En beneficio de las Jornadas por la Rehabilitaci\u00f3n de Magallanes se cobr\u00f3 $1.000 por estacionamiento en la Cancha de Jineteadas y $1.000 para entrar a la Fiesta de Cierre.<\/p>\n","protected":false},"excerpt":{"rendered":"<p>\u201cSan Gregorio cumple 45 a\u00f1os de existencia y por eso quisimos reactivar las tradiciones de campo y organizar shows art\u00edsticos, culturales y musicales para que la comunidad pueda disfrutar. Estamos&#8230; <a class=\"read-more\" href=\"https:\/\/www.radiopresidenteibanez.cl\/web\/san-gregorio-festejo-su-aniversario-con-multiples-actividades\/\">Leer m\u00e1s<\/a><\/p>\n","protected":false},"author":2,"featured_media":51733,"comment_status":"closed","ping_status":"closed","sticky":false,"template":"","format":"standard","meta":{"footnotes":""},"categories":[1],"tags":[],"class_list":["post-51732","post","type-post","status-publish","format-standard","has-post-thumbnail","hentry","category-cronica"],"_links":{"self":[{"href":"https:\/\/www.radiopresidenteibanez.cl\/web\/wp-json\/wp\/v2\/posts\/51732","targetHints":{"allow":["GET"]}}],"collection":[{"href":"https:\/\/www.radiopresidenteibanez.cl\/web\/wp-json\/wp\/v2\/posts"}],"about":[{"href":"https:\/\/www.radiopresidenteibanez.cl\/web\/wp-json\/wp\/v2\/types\/post"}],"author":[{"embeddable":true,"href":"https:\/\/www.radiopresidenteibanez.cl\/web\/wp-json\/wp\/v2\/users\/2"}],"replies":[{"embeddable":true,"href":"https:\/\/www.radiopresidenteibanez.cl\/web\/wp-json\/wp\/v2\/comments?post=51732"}],"version-history":[{"count":0,"href":"https:\/\/www.radiopresidenteibanez.cl\/web\/wp-json\/wp\/v2\/posts\/51732\/revisions"}],"wp:featuredmedia":[{"embeddable":true,"href":"https:\/\/www.radiopresidenteibanez.cl\/web\/wp-json\/wp\/v2\/media\/51733"}],"wp:attachment":[{"href":"https:\/\/www.radiopresidenteibanez.cl\/web\/wp-json\/wp\/v2\/media?parent=51732"}],"wp:term":[{"taxonomy":"category","embeddable":true,"href":"https:\/\/www.radiopresidenteibanez.cl\/web\/wp-json\/wp\/v2\/categories?post=51732"},{"taxonomy":"post_tag","embeddable":true,"href":"https:\/\/www.radiopresidenteibanez.cl\/web\/wp-json\/wp\/v2\/tags?post=51732"}],"curies":[{"name":"wp","href":"https:\/\/api.w.org\/{rel}","templated":true}]}}