{"id":51719,"date":"2024-10-13T15:09:00","date_gmt":"2024-10-13T18:09:00","guid":{"rendered":"https:\/\/www.radiopresidenteibanez.cl\/web\/?p=51719"},"modified":"2024-10-13T11:12:32","modified_gmt":"2024-10-13T14:12:32","slug":"parte-del-gabinete-de-magallanes-se-reune-con-dirigentes-de-la-nueva-union-comunal-de-natales","status":"publish","type":"post","link":"https:\/\/www.radiopresidenteibanez.cl\/web\/parte-del-gabinete-de-magallanes-se-reune-con-dirigentes-de-la-nueva-union-comunal-de-natales\/","title":{"rendered":"Parte del Gabinete de Magallanes se re\u00fane con dirigentes de la nueva Uni\u00f3n Comunal de Natales"},"content":{"rendered":"\n<p>Agrupada con 16 Juntas de Vecinos de distintos sectores de la comuna de<br>Natales, la recientemente creada \u00abUni\u00f3n Comunal Juntas Vecinales Unidas\u00bb se reuni\u00f3<br>con algunas autoridades del gabinete regional para, seg\u00fan su presidente, Yerkyn<br>Colivoro, mantener un di\u00e1logo muy fruct\u00edfero, franco, transparente y directo, que es<br>siempre muy necesario.<br>\u201cEs muy importante que vengan los mismos seremis a reunirse con nosotros, porque<br>tenemos la informaci\u00f3n de primera fuente. Para nosotros es muy dif\u00edcil asistir con los<br>seremis, y adem\u00e1s no tenemos una buena base para poder hacer las consultas. Pero<br>con ellos aqu\u00ed, hemos podido aclararnos y hemos tenido informaci\u00f3n que nosotros<br>desconoc\u00edamos. Las respuestas han sido concretas, nos han respondido el 90% de las<br>solicitudes y hemos quedado tambi\u00e9n con trabajo, para ir avanzando en conjunto y<br>rencontrarnos luego con cada seremi de manera individual, para volver a tocar los<br>temas pendientes\u201d, sostuvo el dirigente de dicha agrupaci\u00f3n.<br>En el encuentro realizado en la Junta de Vecinos N\u00b07, \u201cChile Nuevo\u201d, adem\u00e1s de los<br>dirigentes representantes de las distintas juntas de vecinos, integrantes de la Uni\u00f3n<br>Comunal, participaron: el delegado Provincial de \u00daltima Esperanza, Guillermo Ruiz; el<br>seremi de Gobierno, Andro Mimica; el seremi del MINVU, Marco Uribe; el seremi del<br>Mop, Jos\u00e9 Luis Hern\u00e1ndez; el seremi de Desarrollo Social y Familia, Danilo Mimica; y la<br>seremi de la Mujer y Equidad de G\u00e9nero, Alejandra Ruiz.<br>Durante el mismo encuentro, el delegado provincial de \u00daltima Esperanza, Guillermo<br>Ruiz, sostuvo: \u201cLa descentralizaci\u00f3n como gobierno para nosotros es fundamental.<br>Para nosotros no es suficiente reunirnos en una oficina o que ellos vayan a pedirnos<br>audiencia. Sabemos que se valora mucho m\u00e1s que nosotros vayamos a la junta de<br>vecinos, que nos despleguemos a los sectores rurales. Por ejemplo, que vayamos a las<br>escuelas, y en el propio establecimiento podamos conocer en el espacio de cada uno<br>de ellos, sus necesidades e inquietudes. Y adem\u00e1s, toma mucho sentido cuando uno va<br>proyectando alg\u00fan tipo de obra o proyecto m\u00e1s grande, y que este sea validado y<br>cuente con el respaldo de las vecinas y vecinos. Se valora y se cuida mucho m\u00e1s\u201d.<br>Gloria Lasa, presidenta de la Junta de Vecinos N7, \u201cChile Nuevo\u201d, y tesorera de la<br>UNCO antes mencionada, explic\u00f3 que \u201ceste importante y esperado encuentro se<br>concret\u00f3, luego de la presentaci\u00f3n oficial que tuvieron como Uni\u00f3n Comunal frente al<br>seremi de Gobierno, Andro Mimica\u201d, oportunidad donde tambi\u00e9n aprovecharon a<br>solicitar esta reuni\u00f3n con parte del gabinete, especificando aquellas carteras donde<br>m\u00e1s necesitan apoyo y resolver ciertas problem\u00e1ticas.<br>El funcionamiento del programa de mejoramiento de vivienda, los pavimentos<br>participativos, y el de \u00e1reas verdes y plazas; as\u00ed como tambi\u00e9n el mejoramiento de las<br>rutas y los caminos en Seno Obstrucci\u00f3n; o bien las opciones de programas sociales<br>disponibles para familias vulnerables, y de apoyo para mujeres cuidadoras y\/o<br>vulnerables, adem\u00e1s de la prevenci\u00f3n de violencia de g\u00e9nero y la necesidad de un<\/p>\n\n\n\n<p>centro especializado en la comuna, fueron algunas de las tem\u00e1ticas expuestas en el<br>di\u00e1logo.<br>El seremi de Gobierno Andro Mimica, asegur\u00f3 que uno de los principales mandatos del<br>Presidente Gabriel Boric, pero tambi\u00e9n del delegado Presidencial, Jos\u00e9 Ruiz, es que el<br>Estado debe estar presente en los distintos territorios.<br>\u201cLo m\u00e1s importante es que podamos tener esta escucha activa, que podamos resolver<br>algunas dudas y que conversemos de los proyectos que est\u00e1n avanzando aqu\u00ed en<br>Puerto Natales. Tenemos muchas cosas que contar. Estamos a ad portas de hacer<br>entregas de viviendas por parte del Ministerio de Vivienda, y estamos trabajando en la<br>infraestructura p\u00fablica que se tiene que realizar; y el sistema nacional de cuidados que<br>ha ingresado a trav\u00e9s de los municipios. Y en particular por parte del misterio de la<br>Mujer, conversamos todo lo relativo a los temas de g\u00e9nero que siempre son muy<br>importantes para todos, en nuestra sociedad\u201d.<br>\u201cEs s\u00faper bueno que las autoridades se junten con las organizaciones civiles, que nos<br>escuchen y que sean de terreno, porque muchas organizaciones es lo que m\u00e1s<br>reclaman, que no ven a sus seremis, alcaldes, concejales, en el terreno, en el diario<br>vivir, escuchar a la poblaci\u00f3n, como se est\u00e1 haciendo ahora. De una manera m\u00e1s<br>transparente y directa, donde podamos conversar. Que ellos nos escuchen y nosotros<br>los escuchemos, con tiempo y pausa. Eso habla muy bien del Gobierno porque eso es<br>lo que m\u00e1s se pide, que conozcan de primera fuente nuestras necesidades\u201d, concluy\u00f3<br>Gloria Lasa, la dirigenta de la casa vecinal donde se concret\u00f3 esta importante reuni\u00f3n.<\/p>\n","protected":false},"excerpt":{"rendered":"<p>Agrupada con 16 Juntas de Vecinos de distintos sectores de la comuna deNatales, la recientemente creada \u00abUni\u00f3n Comunal Juntas Vecinales Unidas\u00bb se reuni\u00f3con algunas autoridades del gabinete regional para, seg\u00fan&#8230; <a class=\"read-more\" href=\"https:\/\/www.radiopresidenteibanez.cl\/web\/parte-del-gabinete-de-magallanes-se-reune-con-dirigentes-de-la-nueva-union-comunal-de-natales\/\">Leer m\u00e1s<\/a><\/p>\n","protected":false},"author":2,"featured_media":51720,"comment_status":"closed","ping_status":"closed","sticky":false,"template":"","format":"standard","meta":{"footnotes":""},"categories":[1],"tags":[],"class_list":["post-51719","post","type-post","status-publish","format-standard","has-post-thumbnail","hentry","category-cronica"],"_links":{"self":[{"href":"https:\/\/www.radiopresidenteibanez.cl\/web\/wp-json\/wp\/v2\/posts\/51719","targetHints":{"allow":["GET"]}}],"collection":[{"href":"https:\/\/www.radiopresidenteibanez.cl\/web\/wp-json\/wp\/v2\/posts"}],"about":[{"href":"https:\/\/www.radiopresidenteibanez.cl\/web\/wp-json\/wp\/v2\/types\/post"}],"author":[{"embeddable":true,"href":"https:\/\/www.radiopresidenteibanez.cl\/web\/wp-json\/wp\/v2\/users\/2"}],"replies":[{"embeddable":true,"href":"https:\/\/www.radiopresidenteibanez.cl\/web\/wp-json\/wp\/v2\/comments?post=51719"}],"version-history":[{"count":0,"href":"https:\/\/www.radiopresidenteibanez.cl\/web\/wp-json\/wp\/v2\/posts\/51719\/revisions"}],"wp:featuredmedia":[{"embeddable":true,"href":"https:\/\/www.radiopresidenteibanez.cl\/web\/wp-json\/wp\/v2\/media\/51720"}],"wp:attachment":[{"href":"https:\/\/www.radiopresidenteibanez.cl\/web\/wp-json\/wp\/v2\/media?parent=51719"}],"wp:term":[{"taxonomy":"category","embeddable":true,"href":"https:\/\/www.radiopresidenteibanez.cl\/web\/wp-json\/wp\/v2\/categories?post=51719"},{"taxonomy":"post_tag","embeddable":true,"href":"https:\/\/www.radiopresidenteibanez.cl\/web\/wp-json\/wp\/v2\/tags?post=51719"}],"curies":[{"name":"wp","href":"https:\/\/api.w.org\/{rel}","templated":true}]}}