{"id":51704,"date":"2024-10-11T15:49:00","date_gmt":"2024-10-11T18:49:00","guid":{"rendered":"https:\/\/www.radiopresidenteibanez.cl\/web\/?p=51704"},"modified":"2024-10-11T11:14:14","modified_gmt":"2024-10-11T14:14:14","slug":"revolucion-tecnologica-una-oportunidad-para-el-futuro-del-trabajo","status":"publish","type":"post","link":"https:\/\/www.radiopresidenteibanez.cl\/web\/revolucion-tecnologica-una-oportunidad-para-el-futuro-del-trabajo\/","title":{"rendered":"REVOLUCI\u00d3N TECNOL\u00d3GICA: UNA OPORTUNIDAD PARA EL FUTURO DEL TRABAJO"},"content":{"rendered":"\n<p>La revoluci\u00f3n tecnol\u00f3gica o 4.0 lleg\u00f3 para quedarse, redefiniendo en todo momento el<br>mercado laboral en Chile y el mundo, con los llamados \u201cempleos del futuro\u201d, que emergen<br>de la interacci\u00f3n entre estas nuevas tecnolog\u00edas como la inteligencia artificial o la<br>rob\u00f3tica, con la estructura productiva y socioecon\u00f3mica de los distintos territorios.<br>&nbsp;<br>Junto con esta revoluci\u00f3n, debemos considerar el progresivo envejecimiento de la<br>poblaci\u00f3n que, sumado a la incorporaci\u00f3n de la mujer al mundo del trabajo en condiciones<br>de igualdad, requerir\u00e1 cada vez de m\u00e1s servicios de cuidados remunerados. El cambio<br>clim\u00e1tico, en tanto, presionar\u00e1 por una econom\u00eda m\u00e1s verde, modificando nuestros<br>procesos productivos y perfiles laborales.<br>&nbsp;<br>A diario asistimos a veloces cambios que impactan en el mundo del trabajo en distintos<br>niveles, los que lejos de atenuarse, se profundizar\u00e1n en el transcurso de los pr\u00f3ximos a\u00f1os<br>y d\u00e9cadas.<br>&nbsp;<br>Desde un punto de vista agregado, los estudios y proyecciones a nivel nacional e<br>internacional indican que esta nueva revoluci\u00f3n crear\u00e1 m\u00e1s puestos de trabajo de los que<br>destruir\u00e1. Sin embargo, podr\u00eda producir grandes desajustes a nivel microecon\u00f3mico,<br>desplazando o precarizando a muchas personas en sus trabajos, si no desarrollamos<br>programas adecuados de reconversi\u00f3n laboral y protecci\u00f3n social.&nbsp;<br>&nbsp;<br>Los puestos de trabajo y competencias laborales que se ver\u00e1n menos afectados por la<br>revoluci\u00f3n tecnol\u00f3gica son aquellos atributos humanos m\u00e1s dif\u00edciles de imitar y<br>reemplazar por parte de las m\u00e1quinas, como los vinculados a las habilidades<br>socioemocionales, la creatividad y la capacidad de responder en contextos cambiantes y<br>din\u00e1micos.<br>&nbsp;<br>Por otra parte, hemos visto que la digitalizaci\u00f3n de la econom\u00eda ha generado un<br>crecimiento muy importante de los puestos de trabajo vinculados a las tecnolog\u00edas de la<br>informaci\u00f3n, y tambi\u00e9n hemos sido testigos de que muchas de las soluciones tecnol\u00f3gicas<br>son un complemento y una ayuda para realizar nuestras tareas, contribuyendo a<br>aumentar nuestra productividad.<br>&nbsp;<br>Creo que podemos estar optimistas sobre el desarrollo e impactos de esta revoluci\u00f3n en el<br>trabajo, pero siempre atentos a que nadie se quede en el camino y construyendo los<br>acuerdos para esta transici\u00f3n desde un di\u00e1logo social amplio y generoso.&nbsp; Este proceso<br>puede ser el trampol\u00edn que necesita Chile para dar un salto al desarrollo si lo sabemos<br>aprovechar bien.<br>&nbsp;<br>Tenemos buenas capacidades instaladas para transitar hacia un nuevo modelo de<br>desarrollo m\u00e1s intensivo en capital humano y habilidades m\u00e1s avanzadas.&nbsp; Debemos<\/p>\n\n\n\n<p>apostar e invertir en la formaci\u00f3n de nuestro pa\u00eds: es la mejor herramienta para reducir la<br>desigualdad y salir de la trampa de los ingresos medios.<br>&nbsp;<br>Romanina Morales Baltra<br>Directora Nacional del SENCE<\/p>\n","protected":false},"excerpt":{"rendered":"<p>La revoluci\u00f3n tecnol\u00f3gica o 4.0 lleg\u00f3 para quedarse, redefiniendo en todo momento elmercado laboral en Chile y el mundo, con los llamados \u201cempleos del futuro\u201d, que emergende la interacci\u00f3n entre&#8230; <a class=\"read-more\" href=\"https:\/\/www.radiopresidenteibanez.cl\/web\/revolucion-tecnologica-una-oportunidad-para-el-futuro-del-trabajo\/\">Leer m\u00e1s<\/a><\/p>\n","protected":false},"author":2,"featured_media":51705,"comment_status":"closed","ping_status":"closed","sticky":false,"template":"","format":"standard","meta":{"footnotes":""},"categories":[1],"tags":[],"class_list":["post-51704","post","type-post","status-publish","format-standard","has-post-thumbnail","hentry","category-cronica"],"_links":{"self":[{"href":"https:\/\/www.radiopresidenteibanez.cl\/web\/wp-json\/wp\/v2\/posts\/51704","targetHints":{"allow":["GET"]}}],"collection":[{"href":"https:\/\/www.radiopresidenteibanez.cl\/web\/wp-json\/wp\/v2\/posts"}],"about":[{"href":"https:\/\/www.radiopresidenteibanez.cl\/web\/wp-json\/wp\/v2\/types\/post"}],"author":[{"embeddable":true,"href":"https:\/\/www.radiopresidenteibanez.cl\/web\/wp-json\/wp\/v2\/users\/2"}],"replies":[{"embeddable":true,"href":"https:\/\/www.radiopresidenteibanez.cl\/web\/wp-json\/wp\/v2\/comments?post=51704"}],"version-history":[{"count":0,"href":"https:\/\/www.radiopresidenteibanez.cl\/web\/wp-json\/wp\/v2\/posts\/51704\/revisions"}],"wp:featuredmedia":[{"embeddable":true,"href":"https:\/\/www.radiopresidenteibanez.cl\/web\/wp-json\/wp\/v2\/media\/51705"}],"wp:attachment":[{"href":"https:\/\/www.radiopresidenteibanez.cl\/web\/wp-json\/wp\/v2\/media?parent=51704"}],"wp:term":[{"taxonomy":"category","embeddable":true,"href":"https:\/\/www.radiopresidenteibanez.cl\/web\/wp-json\/wp\/v2\/categories?post=51704"},{"taxonomy":"post_tag","embeddable":true,"href":"https:\/\/www.radiopresidenteibanez.cl\/web\/wp-json\/wp\/v2\/tags?post=51704"}],"curies":[{"name":"wp","href":"https:\/\/api.w.org\/{rel}","templated":true}]}}