{"id":5168,"date":"2019-06-19T15:12:02","date_gmt":"2019-06-19T15:12:02","guid":{"rendered":"http:\/\/www.radiopresidenteibanez.cl\/web\/?p=5168"},"modified":"2019-06-19T15:12:11","modified_gmt":"2019-06-19T15:12:11","slug":"concluye-construccion-de-piscina-semiolimpica-en-puerto-natales","status":"publish","type":"post","link":"https:\/\/www.radiopresidenteibanez.cl\/web\/concluye-construccion-de-piscina-semiolimpica-en-puerto-natales\/","title":{"rendered":"CONCLUYE CONSTRUCCI\u00d3N DE PISCINA SEMIOL\u00cdMPICA EN PUERTO NATALES"},"content":{"rendered":"\n<p>La Direcci\u00f3n de\nArquitectura del Ministerio de Obras P\u00fablicas, concluy\u00f3 la construcci\u00f3n de la\npiscina semiol\u00edmpica de Puerto Natales, iniciativa que corresponde a la segunda\netapa del Complejo Polideportivo.<\/p>\n\n\n\n<p>Este martes el MOP\nrealiz\u00f3 la entrega a explotaci\u00f3n del proyecto al Gobierno Regional, instituci\u00f3n\nque efectu\u00f3 el traspaso de la infraestructura a la Municipalidad de Puerto\nNatales.<\/p>\n\n\n\n<p>La piscina albergar\u00e1 las actividades propias de la\nnataci\u00f3n, tanto recreativa, profesional y de competici\u00f3n, otorgando a Puerto\nNatales y a Magallanes, de un centro de deportes acu\u00e1ticos cubierto a lo largo\nde todo el a\u00f1o, que adem\u00e1s de permitir el esparcimiento de la comunidad local,\nbusca incentivar la actividad tur\u00edstica y la presencia de delegaciones\ndeportivas en los meses de invierno.<\/p>\n\n\n\n<p>El proyecto consider\u00f3 la construcci\u00f3n de una superficie\ntotal de 3.015,30 m2, cuenta con estacionamientos, hall de acceso, recepci\u00f3n,\nespacios de circulaci\u00f3n, camarines, grader\u00edas y servicios de apoyo a la\ninfraestructura. <\/p>\n\n\n\n<p>\u201cEsta es una obra que\ndebiera enorgullecer no solamente a la gente de la comuna, sino de la\nprovincia, de la regi\u00f3n y del pa\u00eds, porque no solo considera la segunda de\ncuatro etapas del proyecto del Polideportivo, sino que adem\u00e1s tiene una\nambientaci\u00f3n externa, una arquitectura que es espectacular y se est\u00e1\ntransformando en un \u00edcono de la comuna de Puerto Natales\u201d, destac\u00f3 el Seremi de\nObras P\u00fablicas, Pablo Rendoll.<\/p>\n\n\n\n<p>El edificio cuenta con una carga de ocupaci\u00f3n de 511 personas (p\u00fablico asistente y deportistas), considerando la iniciativa una inversi\u00f3n de $5.413.175.207, con financiamiento del Fondo Nacional de Desarrollo Regional (FNDR).<\/p>\n\n\n\n<ul class=\"wp-block-gallery columns-2 is-cropped wp-block-gallery-1 is-layout-flex wp-block-gallery-is-layout-flex\"><li class=\"blocks-gallery-item\"><figure><img loading=\"lazy\" decoding=\"async\" width=\"1024\" height=\"512\" src=\"https:\/\/www.radiopresidenteibanez.cl\/web\/wp-content\/uploads\/2019\/06\/piscina-1-1024x512.jpeg\" alt=\"\" data-id=\"5169\" data-link=\"https:\/\/www.radiopresidenteibanez.cl\/web\/?attachment_id=5169\" class=\"wp-image-5169\" srcset=\"https:\/\/www.radiopresidenteibanez.cl\/web\/wp-content\/uploads\/2019\/06\/piscina-1-1024x512.jpeg 1024w, https:\/\/www.radiopresidenteibanez.cl\/web\/wp-content\/uploads\/2019\/06\/piscina-1-300x150.jpeg 300w, https:\/\/www.radiopresidenteibanez.cl\/web\/wp-content\/uploads\/2019\/06\/piscina-1-768x384.jpeg 768w, https:\/\/www.radiopresidenteibanez.cl\/web\/wp-content\/uploads\/2019\/06\/piscina-1.jpeg 1280w\" sizes=\"auto, (max-width: 1024px) 100vw, 1024px\" \/><\/figure><\/li><li class=\"blocks-gallery-item\"><figure><img loading=\"lazy\" decoding=\"async\" width=\"1024\" height=\"768\" src=\"https:\/\/www.radiopresidenteibanez.cl\/web\/wp-content\/uploads\/2019\/06\/piscina-2-1024x768.jpeg\" alt=\"\" data-id=\"5170\" data-link=\"https:\/\/www.radiopresidenteibanez.cl\/web\/?attachment_id=5170\" class=\"wp-image-5170\" srcset=\"https:\/\/www.radiopresidenteibanez.cl\/web\/wp-content\/uploads\/2019\/06\/piscina-2-1024x768.jpeg 1024w, https:\/\/www.radiopresidenteibanez.cl\/web\/wp-content\/uploads\/2019\/06\/piscina-2-300x225.jpeg 300w, https:\/\/www.radiopresidenteibanez.cl\/web\/wp-content\/uploads\/2019\/06\/piscina-2-768x576.jpeg 768w, https:\/\/www.radiopresidenteibanez.cl\/web\/wp-content\/uploads\/2019\/06\/piscina-2.jpeg 1280w\" sizes=\"auto, (max-width: 1024px) 100vw, 1024px\" \/><\/figure><\/li><\/ul>\n","protected":false},"excerpt":{"rendered":"<p>La Direcci\u00f3n de Arquitectura del Ministerio de Obras P\u00fablicas, concluy\u00f3 la construcci\u00f3n de la piscina semiol\u00edmpica de Puerto Natales, iniciativa que corresponde a la segunda etapa del Complejo Polideportivo. Este&#8230; <a class=\"read-more\" href=\"https:\/\/www.radiopresidenteibanez.cl\/web\/concluye-construccion-de-piscina-semiolimpica-en-puerto-natales\/\">Leer m\u00e1s<\/a><\/p>\n","protected":false},"author":2,"featured_media":5170,"comment_status":"closed","ping_status":"closed","sticky":false,"template":"","format":"standard","meta":{"footnotes":""},"categories":[1],"tags":[],"class_list":["post-5168","post","type-post","status-publish","format-standard","has-post-thumbnail","hentry","category-cronica"],"_links":{"self":[{"href":"https:\/\/www.radiopresidenteibanez.cl\/web\/wp-json\/wp\/v2\/posts\/5168","targetHints":{"allow":["GET"]}}],"collection":[{"href":"https:\/\/www.radiopresidenteibanez.cl\/web\/wp-json\/wp\/v2\/posts"}],"about":[{"href":"https:\/\/www.radiopresidenteibanez.cl\/web\/wp-json\/wp\/v2\/types\/post"}],"author":[{"embeddable":true,"href":"https:\/\/www.radiopresidenteibanez.cl\/web\/wp-json\/wp\/v2\/users\/2"}],"replies":[{"embeddable":true,"href":"https:\/\/www.radiopresidenteibanez.cl\/web\/wp-json\/wp\/v2\/comments?post=5168"}],"version-history":[{"count":0,"href":"https:\/\/www.radiopresidenteibanez.cl\/web\/wp-json\/wp\/v2\/posts\/5168\/revisions"}],"wp:featuredmedia":[{"embeddable":true,"href":"https:\/\/www.radiopresidenteibanez.cl\/web\/wp-json\/wp\/v2\/media\/5170"}],"wp:attachment":[{"href":"https:\/\/www.radiopresidenteibanez.cl\/web\/wp-json\/wp\/v2\/media?parent=5168"}],"wp:term":[{"taxonomy":"category","embeddable":true,"href":"https:\/\/www.radiopresidenteibanez.cl\/web\/wp-json\/wp\/v2\/categories?post=5168"},{"taxonomy":"post_tag","embeddable":true,"href":"https:\/\/www.radiopresidenteibanez.cl\/web\/wp-json\/wp\/v2\/tags?post=5168"}],"curies":[{"name":"wp","href":"https:\/\/api.w.org\/{rel}","templated":true}]}}