{"id":5165,"date":"2019-06-19T15:06:15","date_gmt":"2019-06-19T15:06:15","guid":{"rendered":"http:\/\/www.radiopresidenteibanez.cl\/web\/?p=5165"},"modified":"2019-06-19T15:06:52","modified_gmt":"2019-06-19T15:06:52","slug":"municipio-celebrara-el-dia-del-yoga-con-sesion-gratuita-para-adultos-mayores","status":"publish","type":"post","link":"https:\/\/www.radiopresidenteibanez.cl\/web\/municipio-celebrara-el-dia-del-yoga-con-sesion-gratuita-para-adultos-mayores\/","title":{"rendered":"MUNICIPIO CELEBRAR\u00c1 EL D\u00cdA DEL YOGA CON SESI\u00d3N GRATUITA PARA ADULTOS MAYORES"},"content":{"rendered":"\n<p>Una clase magistral de yoga, gratuita y abierta a todos los\nadultos mayores de la comuna, es la que se impartir\u00e1 este viernes (21 de\njunio), en el marco de la conmemoraci\u00f3n del D\u00eda Internacional del Yoga.<\/p>\n\n\n\n<p>La actividad, organizada desde la Unidad del Adulto Mayor,\ndependiente de la Direcci\u00f3n de Desarrollo Comunitario (Dideco) de la\nMunicipalidad, se llevar\u00e1 a cabo en la sede ubicada en Covadonga 063, entre las\n9:30 y las 11:30 horas.<\/p>\n\n\n\n<p>\u201cHemos querido sumarnos a la conmemoraci\u00f3n del D\u00eda del Yoga,\nporque es importante que nuestros vecinos tomen conciencia sobre los beneficios\nque tiene el practicar esta disciplina con regularidad. Entre los talleres para\nadultos mayores que realizamos desde el Municipio, hemos incorporado el yoga\ndos veces por semana, ya que es una pr\u00e1ctica que contribuye al bienestar\nf\u00edsico, mental y espiritual, y tiene grandes beneficios, sobre todo para las\npersonas mayores\u201d, afirm\u00f3 la directora de Desarrollo Comunitario, Elena\nBlackwood.<\/p>\n\n\n\n<p>Entre \u00e9stos, se encuentran el aliviar el estr\u00e9s y las\ntensiones que se acumulan en el d\u00eda a d\u00eda, adem\u00e1s de ayudar a mejorar la\nrespiraci\u00f3n, el equilibrio, fortalecer m\u00fasculos y huesos, reforzar el sistema\ninmunol\u00f3gico y equilibrar el sistema nervioso en general.<\/p>\n\n\n\n<p>El \u00fanico requisito para participar de la clase es ser adulto mayor y llevar el mat de yoga.<\/p>\n\n\n\n<figure class=\"wp-block-image\"><img loading=\"lazy\" decoding=\"async\" width=\"900\" height=\"600\" src=\"https:\/\/www.radiopresidenteibanez.cl\/web\/wp-content\/uploads\/2019\/06\/IMG_2033.jpg\" alt=\"\" class=\"wp-image-5166\" srcset=\"https:\/\/www.radiopresidenteibanez.cl\/web\/wp-content\/uploads\/2019\/06\/IMG_2033.jpg 900w, https:\/\/www.radiopresidenteibanez.cl\/web\/wp-content\/uploads\/2019\/06\/IMG_2033-300x200.jpg 300w, https:\/\/www.radiopresidenteibanez.cl\/web\/wp-content\/uploads\/2019\/06\/IMG_2033-768x512.jpg 768w\" sizes=\"auto, (max-width: 900px) 100vw, 900px\" \/><\/figure>\n","protected":false},"excerpt":{"rendered":"<p>Una clase magistral de yoga, gratuita y abierta a todos los adultos mayores de la comuna, es la que se impartir\u00e1 este viernes (21 de junio), en el marco de&#8230; <a class=\"read-more\" href=\"https:\/\/www.radiopresidenteibanez.cl\/web\/municipio-celebrara-el-dia-del-yoga-con-sesion-gratuita-para-adultos-mayores\/\">Leer m\u00e1s<\/a><\/p>\n","protected":false},"author":2,"featured_media":5166,"comment_status":"closed","ping_status":"closed","sticky":false,"template":"","format":"standard","meta":{"footnotes":""},"categories":[1],"tags":[],"class_list":["post-5165","post","type-post","status-publish","format-standard","has-post-thumbnail","hentry","category-cronica"],"_links":{"self":[{"href":"https:\/\/www.radiopresidenteibanez.cl\/web\/wp-json\/wp\/v2\/posts\/5165","targetHints":{"allow":["GET"]}}],"collection":[{"href":"https:\/\/www.radiopresidenteibanez.cl\/web\/wp-json\/wp\/v2\/posts"}],"about":[{"href":"https:\/\/www.radiopresidenteibanez.cl\/web\/wp-json\/wp\/v2\/types\/post"}],"author":[{"embeddable":true,"href":"https:\/\/www.radiopresidenteibanez.cl\/web\/wp-json\/wp\/v2\/users\/2"}],"replies":[{"embeddable":true,"href":"https:\/\/www.radiopresidenteibanez.cl\/web\/wp-json\/wp\/v2\/comments?post=5165"}],"version-history":[{"count":0,"href":"https:\/\/www.radiopresidenteibanez.cl\/web\/wp-json\/wp\/v2\/posts\/5165\/revisions"}],"wp:featuredmedia":[{"embeddable":true,"href":"https:\/\/www.radiopresidenteibanez.cl\/web\/wp-json\/wp\/v2\/media\/5166"}],"wp:attachment":[{"href":"https:\/\/www.radiopresidenteibanez.cl\/web\/wp-json\/wp\/v2\/media?parent=5165"}],"wp:term":[{"taxonomy":"category","embeddable":true,"href":"https:\/\/www.radiopresidenteibanez.cl\/web\/wp-json\/wp\/v2\/categories?post=5165"},{"taxonomy":"post_tag","embeddable":true,"href":"https:\/\/www.radiopresidenteibanez.cl\/web\/wp-json\/wp\/v2\/tags?post=5165"}],"curies":[{"name":"wp","href":"https:\/\/api.w.org\/{rel}","templated":true}]}}