{"id":51640,"date":"2024-10-09T02:43:00","date_gmt":"2024-10-09T05:43:00","guid":{"rendered":"https:\/\/www.radiopresidenteibanez.cl\/web\/?p=51640"},"modified":"2024-10-09T10:52:45","modified_gmt":"2024-10-09T13:52:45","slug":"mas-de-18-mil-personas-son-beneficiadas-por-la-pgu-en-magallanes","status":"publish","type":"post","link":"https:\/\/www.radiopresidenteibanez.cl\/web\/mas-de-18-mil-personas-son-beneficiadas-por-la-pgu-en-magallanes\/","title":{"rendered":"M\u00e1s de 18 mil personas son beneficiadas por la PGU en Magallanes"},"content":{"rendered":"\n<p>Tras la presentaci\u00f3n del presupuesto para el a\u00f1o 2025 realizado por el Presidente Gabriel Boric hace algunos d\u00edas, la Seremi del Trabajo y Previsi\u00f3n Social de Magallanes, Doris Sandoval Miranda, destac\u00f3 la cobertura que actualmente tiene la Pensi\u00f3n Garantizada Universal (PGU), que hoy beneficia a m\u00e1s de 18 mil 500 personas en la regi\u00f3n.<br>La autoridad destac\u00f3 el aumento de un 3,7% contemplado en la propuesta para el pr\u00f3ximo a\u00f1o en<br>el pago de este beneficio, lo cual significar\u00eda un desembolso de 5,8 billones de pesos a nivel<br>nacional para la cobertura de la PGU, pudiendo beneficiar as\u00ed a 2,2 millones de personas en el pa\u00eds.<br>A nivel regional son 3.893 millones los recursos que se invierten por el pago de este beneficio,<br>seg\u00fan el reporte estad\u00edstico del Instituto de Previsi\u00f3n Social (IPS) al mes de septiembre pasado.<br>En palabras de la Seremi, \u201cen materia de seguridad econ\u00f3mica que es uno de los tres principales<br>pilares de la propuesta que hemos presentado al pa\u00eds en materia presupuestaria para el pr\u00f3ximo<br>a\u00f1o, como Gobierno, entendemos la seguridad en un sentido amplio, donde tambi\u00e9n se incluye la<br>seguridad en materia de trabajo decente, pensiones dignas y apoyo social\u201d.<br>\u201cCon esta propuesta, nosotros tambi\u00e9n buscamos generar la posibilidad de concretar este anhelo<br>de las personas de vivir en condiciones de seguridad econ\u00f3mica y, en ese sentido, la propuesta<br>considera, por ejemplo, en esta dimensi\u00f3n final de la trayectoria laboral de las personas, poder<br>aumentar la Pensi\u00f3n Garantizada Universal a 250 mil pesos, fundamentalmente, con miras a poder<br>contar con m\u00e1s recursos en el erario nacional a trav\u00e9s de la propuesta tributaria que ha ido<br>avanzando. Ese aumento de la PGU tiene un impacto muy concreto en la vida de las personas y,<br>particularmente en Magallanes, donde 18.589 personas reciben actualmente la PGU, por lo tanto,<br>este incremento que, esperamos as\u00ed sea, tendr\u00eda un impacto importante y concreto en las y los<br>beneficiarios locales\u201d, recalc\u00f3 la secretaria regional.<br>Otros impactos de la propuesta presupuestaria<br>Adicionalmente, la Seremi destac\u00f3 otros importantes avances que considera la propuesta<br>presupuestaria, por ejemplo, para la Direcci\u00f3n del Trabajo que, a nivel nacional contempla el<br>aumento de recursos para la incorporaci\u00f3n de 35 nuevos fiscalizadores que abordar\u00e1n las<br>denuncias ingresadas por Ley Karin.<\/p>\n\n\n\n<p>Asimismo, se destinar\u00e1n 5.820 millones de pesos adicionales al programa de Reconversi\u00f3n Laboral<br>a fin de avanzar en el compromiso de lograr 50 mil personas capacitadas durante la actual<br>administraci\u00f3n. En este sentido, se consideran tambi\u00e9n importantes aumentos para los programas<br>de Subsidio al Empleo Joven y Bono al Trabajo de la Mujer, que entrega Sence.<br>En el caso de ChileValora que hasta este a\u00f1o operaba a trav\u00e9s de transferencias de la<br>subsecretar\u00eda del Trabajo y Sence, a partir del pr\u00f3ximo a\u00f1o, se establece un cap\u00edtulo<br>presupuestario que cera el Sistema Nacional de Certificaci\u00f3n de Competencias Laborales de<br>acuerdo con la Ley de ChileValora que entr\u00f3 en vigencia este a\u00f1o.<br>\u201cEn dos a\u00f1os y medio, hemos trabajado presupuestos nacionales con responsabilidad fiscal y con<br>buen manejo presupuestario, particularmente en la regi\u00f3n, lo que nos permite generar<br>condiciones para que se puedan estabilizar las relaciones laborales. Estamos convencidos, y para<br>eso hemos trabajado en este tiempo, que dejaremos el pa\u00eds con m\u00e1s derechos sociales y m\u00e1s<br>derechos laborales que hemos logrado concretar, especialmente, durante este a\u00f1o\u201d, concluy\u00f3 la<br>autoridad.<br>Tras el ajuste de la econom\u00eda heredada a inicios de esta administraci\u00f3n, el mercado laboral ha<br>enfrentado grandes desaf\u00edos, pero con una recuperaci\u00f3n importante en los \u00faltimos trimestres. Es<br>as\u00ed como llegamos a un 5% de desocupaci\u00f3n regional, con un aumento concreto en la participaci\u00f3n<br>laboral femenina a un 58% y, ahora, se sigue trabajando para impulsar empleos de calidad y<br>reducir la informalidad.<\/p>\n\n\n\n<p><\/p>\n","protected":false},"excerpt":{"rendered":"<p>Tras la presentaci\u00f3n del presupuesto para el a\u00f1o 2025 realizado por el Presidente Gabriel Boric hace algunos d\u00edas, la Seremi del Trabajo y Previsi\u00f3n Social de Magallanes, Doris Sandoval Miranda,&#8230; <a class=\"read-more\" href=\"https:\/\/www.radiopresidenteibanez.cl\/web\/mas-de-18-mil-personas-son-beneficiadas-por-la-pgu-en-magallanes\/\">Leer m\u00e1s<\/a><\/p>\n","protected":false},"author":2,"featured_media":51641,"comment_status":"closed","ping_status":"closed","sticky":false,"template":"","format":"standard","meta":{"footnotes":""},"categories":[1],"tags":[],"class_list":["post-51640","post","type-post","status-publish","format-standard","has-post-thumbnail","hentry","category-cronica"],"_links":{"self":[{"href":"https:\/\/www.radiopresidenteibanez.cl\/web\/wp-json\/wp\/v2\/posts\/51640","targetHints":{"allow":["GET"]}}],"collection":[{"href":"https:\/\/www.radiopresidenteibanez.cl\/web\/wp-json\/wp\/v2\/posts"}],"about":[{"href":"https:\/\/www.radiopresidenteibanez.cl\/web\/wp-json\/wp\/v2\/types\/post"}],"author":[{"embeddable":true,"href":"https:\/\/www.radiopresidenteibanez.cl\/web\/wp-json\/wp\/v2\/users\/2"}],"replies":[{"embeddable":true,"href":"https:\/\/www.radiopresidenteibanez.cl\/web\/wp-json\/wp\/v2\/comments?post=51640"}],"version-history":[{"count":0,"href":"https:\/\/www.radiopresidenteibanez.cl\/web\/wp-json\/wp\/v2\/posts\/51640\/revisions"}],"wp:featuredmedia":[{"embeddable":true,"href":"https:\/\/www.radiopresidenteibanez.cl\/web\/wp-json\/wp\/v2\/media\/51641"}],"wp:attachment":[{"href":"https:\/\/www.radiopresidenteibanez.cl\/web\/wp-json\/wp\/v2\/media?parent=51640"}],"wp:term":[{"taxonomy":"category","embeddable":true,"href":"https:\/\/www.radiopresidenteibanez.cl\/web\/wp-json\/wp\/v2\/categories?post=51640"},{"taxonomy":"post_tag","embeddable":true,"href":"https:\/\/www.radiopresidenteibanez.cl\/web\/wp-json\/wp\/v2\/tags?post=51640"}],"curies":[{"name":"wp","href":"https:\/\/api.w.org\/{rel}","templated":true}]}}