{"id":51631,"date":"2024-10-09T09:49:00","date_gmt":"2024-10-09T12:49:00","guid":{"rendered":"https:\/\/www.radiopresidenteibanez.cl\/web\/?p=51631"},"modified":"2024-10-09T08:45:29","modified_gmt":"2024-10-09T11:45:29","slug":"subsecretaria-de-la-mujer-concluye-visita-a-punta-arenascentrada-en-fortalecer-los-derechos-de-las-magallanicas-en-el-territorio-austral","status":"publish","type":"post","link":"https:\/\/www.radiopresidenteibanez.cl\/web\/subsecretaria-de-la-mujer-concluye-visita-a-punta-arenascentrada-en-fortalecer-los-derechos-de-las-magallanicas-en-el-territorio-austral\/","title":{"rendered":"Subsecretaria de la Mujer concluye visita a Punta Arenascentrada en fortalecer los derechos de las magall\u00e1nicas en el territorio austral"},"content":{"rendered":"\n<p>La subsecretaria de la Mujer y la Equidad de G\u00e9nero, Luz Vidal Huiriqueo, culmin\u00f3<br>este viernes su visita a la regi\u00f3n, zona a la que vino por primera vez como<br>autoridad desde que asumi\u00f3 su mandato con el gobierno del Presidente Gabriel<br>Boric Font. La subsecretaria inici\u00f3 su agenda con un saludo protocolar al<br>Delegado Presidencial Regional, Jos\u00e9 Ruiz Pivcevic, en donde junto a la SEREMI<br>de la Mujer Alejandra Ruiz Ovando abordaron los desaf\u00edos y avances locales en<br>materia de g\u00e9nero.<br>El segundo d\u00eda, la autoridad particip\u00f3 en la inauguraci\u00f3n de la 9\u00b0 versi\u00f3n del<br>Encuentro de Mujeres Empresarias del Fin del Mundo, que reuni\u00f3 a mujeres<br>chilenas y argentinas para explorar el uso de la inteligencia artificial en la<br>econom\u00eda sustentable.<br>Al respecto, la autoridad se\u00f1al\u00f3 que \u201ces crucial que el desarrollo se realice con<br>una perspectiva de g\u00e9nero. Las mujeres han sido hist\u00f3ricamente<br>subrepresentadas en el campo de la tecnolog\u00eda, y debemos asegurarnos de que<br>nuestras opiniones y experiencias sean parte integral de este proceso. La IA tiene<br>el potencial de empoderar a emprendedoras y agricultoras, facilitando el acceso a<br>mercados y mejorando la toma de decisiones, especialmente en \u00e1reas rurales y<br>comunidades alejadas\u201d.<br>En tanto, la secretaria de la Asociaci\u00f3n de Mujeres Empresarias de Magallanes<br>(AMEMAG) destac\u00f3: \u201cEste encuentro binacional fortalece las relaciones<br>comerciales entre los pa\u00edses y tambi\u00e9n busca unir, hacer lazos con las<br>instituciones gubernamentales relativas al comercio y al g\u00e9nero como lo son el<br>Ministerio de la Mujer, Relaciones Exteriores, y Pro-Chile. No buscamos<br>solamente emprender, sino que hacer que las empresas crezcan, que den empleo,<br>que dejen la esfera dom\u00e9stica, y que sean competitivas tanto a nivel nacional<br>como internacional\u201d.<\/p>\n\n\n\n<p>La Subsecretaria Vidal Huiriqueo junto a la SEREMI Ruiz Ovando tambi\u00e9n<br>encabezaron un di\u00e1logo participativo sobre derechos sexuales y reproductivos<br>donde escuch\u00f3 las experiencias de representantes de organizaciones de mujeres<br>y feministas, subrayando el compromiso del Ministerio en fortalecer estos<br>derechos fundamentales, para \u201cavanzar y no retroceder\u201d.<br>En tanto, en la jornada del viernes, junto a la SEREMI de la Mujer, y SEREMI del<br>Trabajo y Previsi\u00f3n Social, Doris Sandoval Miranda, promovieron el di\u00e1logo \u201cMujer<br>y Trabajo: Desaf\u00edos y Oportunidades\u201d, instancia que adem\u00e1s cont\u00f3 con la<br>presentaci\u00f3n del Instituto de Salud Laboral (ISL). Luz Vidal, quien es una<br>reconocida lideresa sindical del gremio de las trabajadoras de casa particular,<br>present\u00f3 la agenda legislativa del gobierno en materias laborales como la Ley<br>Karin; Conciliaci\u00f3n de la Vida Personal, Familiar y Laboral; Ley 40 horas, y el<br>proyecto de ley de Igualdad Salarial.<br>Al respecto, la presidenta de Abogadas Feministas de Chile (Abofem) Andrea<br>Bluck destac\u00f3: \u201clos avances laborales alcanzados son muy importantes. Tienen<br>una perspectiva de g\u00e9nero, y consideran la importancia de las dobles, o triples<br>jornadas que hacemos las mujeres, no solamente en el \u00e1mbito laboral<br>propiamente tal, sino que tambi\u00e9n en lo que es el desarrollo y cuidado de las<br>familias, que tambi\u00e9n se entiende como trabajos m\u00ednimos necesarios para la<br>sostenibilidad de la vida\u201d.<br>Finalmente, la subsecretaria subray\u00f3 que \u201cesta visita no solo busca fortalecer la<br>presencia del Ministerio, encabezado por la ministra, Antonia Orellana, sino<br>tambi\u00e9n abrir espacios para el di\u00e1logo y la participaci\u00f3n activa de las mujeres en la<br>construcci\u00f3n de pol\u00edticas p\u00fablicas que respondan a sus necesidades y desaf\u00edos\u201d.<br>As\u00ed tambi\u00e9n lo declar\u00f3 la SEREMI Alejandra Ruiz quien agradeci\u00f3 la oportunidad<br>de que las mujeres del territorio puedan conversar directamente con quienes est\u00e1n<br>encabezando la pol\u00edtica p\u00fablica de g\u00e9nero a nivel nacional. \u201cEstas instancias de<br>conversaci\u00f3n, di\u00e1logos y especialmente de escucha por parte de la autoridad, son<br>muy valiosas porque creemos que atender las voces, y necesidades del territorio<br>son condici\u00f3n fundamental para poder legislar con pertinencia local y con base<br>ciudadana\u201d.<\/p>\n","protected":false},"excerpt":{"rendered":"<p>La subsecretaria de la Mujer y la Equidad de G\u00e9nero, Luz Vidal Huiriqueo, culmin\u00f3este viernes su visita a la regi\u00f3n, zona a la que vino por primera vez comoautoridad desde&#8230; <a class=\"read-more\" href=\"https:\/\/www.radiopresidenteibanez.cl\/web\/subsecretaria-de-la-mujer-concluye-visita-a-punta-arenascentrada-en-fortalecer-los-derechos-de-las-magallanicas-en-el-territorio-austral\/\">Leer m\u00e1s<\/a><\/p>\n","protected":false},"author":2,"featured_media":51632,"comment_status":"closed","ping_status":"closed","sticky":false,"template":"","format":"standard","meta":{"footnotes":""},"categories":[1],"tags":[],"class_list":["post-51631","post","type-post","status-publish","format-standard","has-post-thumbnail","hentry","category-cronica"],"_links":{"self":[{"href":"https:\/\/www.radiopresidenteibanez.cl\/web\/wp-json\/wp\/v2\/posts\/51631","targetHints":{"allow":["GET"]}}],"collection":[{"href":"https:\/\/www.radiopresidenteibanez.cl\/web\/wp-json\/wp\/v2\/posts"}],"about":[{"href":"https:\/\/www.radiopresidenteibanez.cl\/web\/wp-json\/wp\/v2\/types\/post"}],"author":[{"embeddable":true,"href":"https:\/\/www.radiopresidenteibanez.cl\/web\/wp-json\/wp\/v2\/users\/2"}],"replies":[{"embeddable":true,"href":"https:\/\/www.radiopresidenteibanez.cl\/web\/wp-json\/wp\/v2\/comments?post=51631"}],"version-history":[{"count":0,"href":"https:\/\/www.radiopresidenteibanez.cl\/web\/wp-json\/wp\/v2\/posts\/51631\/revisions"}],"wp:featuredmedia":[{"embeddable":true,"href":"https:\/\/www.radiopresidenteibanez.cl\/web\/wp-json\/wp\/v2\/media\/51632"}],"wp:attachment":[{"href":"https:\/\/www.radiopresidenteibanez.cl\/web\/wp-json\/wp\/v2\/media?parent=51631"}],"wp:term":[{"taxonomy":"category","embeddable":true,"href":"https:\/\/www.radiopresidenteibanez.cl\/web\/wp-json\/wp\/v2\/categories?post=51631"},{"taxonomy":"post_tag","embeddable":true,"href":"https:\/\/www.radiopresidenteibanez.cl\/web\/wp-json\/wp\/v2\/tags?post=51631"}],"curies":[{"name":"wp","href":"https:\/\/api.w.org\/{rel}","templated":true}]}}