{"id":51612,"date":"2024-10-08T11:27:00","date_gmt":"2024-10-08T14:27:00","guid":{"rendered":"https:\/\/www.radiopresidenteibanez.cl\/web\/?p=51612"},"modified":"2024-10-08T09:18:22","modified_gmt":"2024-10-08T12:18:22","slug":"mop-inicia-de-obras-de-conservacion-de-punto-de-posada-de-prefectura-aeropolicial-de-carabineros","status":"publish","type":"post","link":"https:\/\/www.radiopresidenteibanez.cl\/web\/mop-inicia-de-obras-de-conservacion-de-punto-de-posada-de-prefectura-aeropolicial-de-carabineros\/","title":{"rendered":"MOP inicia de obras de conservaci\u00f3n de punto de posada de Prefectura Aeropolicial de Carabineros"},"content":{"rendered":"\n<p>Este lunes, la Direcci\u00f3n de Aeropuertos del Ministerio de Obras P\u00fablicas realiz\u00f3 la entrega de terrenos a la empresa Ingenier\u00eda Gallardo Williams Ltda., para el inicio de las obras de conservaci\u00f3n del punto de posada de la Prefectura Aeropolicial de Carabineros.<\/p>\n\n\n\n<p>Debido al deterioro que presenta la infraestructura, se ejecutar\u00e1 la construcci\u00f3n de una losa de hormig\u00f3n, se mejorar\u00e1n los cercos bajo normativa OACI, los catavientos y la iluminaci\u00f3n del recinto, entre otras obras que permitir\u00e1n mejorar la conectividad y la seguridad a\u00e9rea de la instituci\u00f3n.<\/p>\n\n\n\n<p>En la ceremonia de entrega de terrenos particip\u00f3 el Seremi de Obras P\u00fablicas Jos\u00e9 Luis Hern\u00e1ndez, General de Carabineros Marco Alvarado, Delegado Presidencial Jos\u00e9 Ruiz y el Director Regional de Aeropuertos del Ministerio de Obras P\u00fablicas Diego Sierpe.<\/p>\n\n\n\n<p>\u201cEste proyecto es de una importancia tremenda porque se suma a otros 5 que ya est\u00e1n ad portas de poder ser entregados y que puedan ser utilizados por Carabineros. Esta obra va a permitir que Carabineros tenga un menor tiempo de respuesta en el d\u00eda a d\u00eda, que tenga menores dificultades para poder cumplir sus funciones y finalmente va a ser de gran ayuda para todos los magall\u00e1nicos, que es la labor principal de la instituci\u00f3n\u201d, se\u00f1al\u00f3 el Director Regional de Aeropuertos del Ministerio de Obras P\u00fablicas Diego Sierpe.<\/p>\n\n\n\n<p>Por su parte, el Seremi de Obras P\u00fablicas Jos\u00e9 Luis Hern\u00e1ndez, explic\u00f3 que: \u201cLa intervenci\u00f3n va asociada a una nueva plataforma donde se va posar en este caso el helic\u00f3ptero con otras dimensiones a las que tienen actualmente. Hoy d\u00eda tienen unas dimensiones menores y la llegada de un nuevo helic\u00f3ptero a la zona requiere de mejoras en su infraestructura, por lo que construiremos una plataforma de mejores caracter\u00edsticas, de hormig\u00f3n armado con un espesor de 20 cent\u00edmetros en una dimensi\u00f3n de 21 por 21 metros, por lo tanto tendr\u00e1 mejores prestaciones, va acompa\u00f1ado de un sistema de luces para ayudas visuales, sistema de pintura para demarcaci\u00f3n de seguridad para la operaci\u00f3n del helic\u00f3ptero y tambi\u00e9n un cierre perimetral que permitir\u00e1 dar mayor seguridad y cumplir con una normativa internacional, normativa que estamos incluyendo en todos los proyectos que estamos generando a nivel ministerial, pero principalmente asociado a la Direcci\u00f3n de Aeropuertos\u201d.<\/p>\n\n\n\n<p>Agreg\u00f3 el Seremi del MOP que \u201ccon esta intervenci\u00f3n estamos dando cumplimiento al mandato del Presidente Gabriel Boric en conjunto con la Ministra Jessica L\u00f3pez, de generar a nivel regional 12 puntos de posada, de los cuales ya contamos con 8 en ejecuci\u00f3n y esperamos llegar aproximadamente a los 15 para ejecutar entre los a\u00f1os 2025 y 2026\u201d.<\/p>\n\n\n\n<p>En este sentido, el Delegado Presidencial Jos\u00e9 Ruiz destac\u00f3 que \u201cdentro de los distintos puntos de posadas que se est\u00e1n implementando en la regi\u00f3n, estamos entregando terrenos dentro de las dependencias de Carabineros para mejorar el punto de posada, lo cual tiene una importancia bien relevante, primero el fortalecimiento a la labor de Carabineros de Chile en cuanto a que este punto de posada se encuentra dentro de lo que es el complejo de Carabineros donde pronto se van a adjudicar las obras de la Primera Comisar\u00eda, y porque se da un trabajo integral hacia esta instituci\u00f3n tan importante en nuestro pa\u00eds y por cierto en nuestra regi\u00f3n\u201d.<\/p>\n\n\n\n<p>\u201cEste punto de posada se enmarca en un proyecto que lleva el Ministerio de Obras P\u00fablicas por medio de la Direcci\u00f3n del Aeropuertos, que mantiene en ejecuci\u00f3n otras iniciativas por ejemplo en Cerro Castillo, Cerro Guido, Casas Viejas, Morro Chico y Monte Aymond, en muchos lugares cerca de las dependencias de Carabineros, lo cual da mayor seguridad y mejora la conectividad en nuestra regi\u00f3n. Ya inauguramos el punto posada en San Gregorio y esto se enmarca en el fortalecimiento de la labor policial, mayor conectividad y tambi\u00e9n en el fortalecimiento de la instituci\u00f3n por su importante rol y las capacidades que tienen para la utilizaci\u00f3n de estos puntos de posada\u201d, a\u00f1adi\u00f3 Ruiz.<\/p>\n\n\n\n<p>El General de Carabineros Marco Alvarado, valor\u00f3 la concreci\u00f3n de la iniciativa y destac\u00f3 el trabajo del Ministerio de Obras P\u00fablicas en beneficio de la instituci\u00f3n.<\/p>\n\n\n\n<p>\u201cEstamos muy contentos con la entrega de este terreno, porque viene a complementar y mejorar las actuales dependencias que tenemos nosotros de punto de posada del helipuerto. Es un proyecto de conservaci\u00f3n, ampliaci\u00f3n y mejoramiento no solamente de la infraestructura de la losa sino que del entorno que tiene que ver con la senda de aproximaci\u00f3n, cataviento y medidas de seguridad con est\u00e1ndares internacionales, lo cual agradecemos, y tambi\u00e9n agradecemos la voluntad del Ministerio de Obras P\u00fablicas a trav\u00e9s de la Direcci\u00f3n de Aeropuertos de considerar a la instituci\u00f3n como parte importante del desarrollo de la conectividad de la regi\u00f3n\u201d, estableci\u00f3.<\/p>\n\n\n\n<p>En la iniciativa se invierten $271.658.400 de financiamiento sectorial del Ministerio de Obras P\u00fablicas, estim\u00e1ndose el t\u00e9rmino de las obras para el 20 de diciembre de 2024.<\/p>\n","protected":false},"excerpt":{"rendered":"<p>Este lunes, la Direcci\u00f3n de Aeropuertos del Ministerio de Obras P\u00fablicas realiz\u00f3 la entrega de terrenos a la empresa Ingenier\u00eda Gallardo Williams Ltda., para el inicio de las obras de&#8230; <a class=\"read-more\" href=\"https:\/\/www.radiopresidenteibanez.cl\/web\/mop-inicia-de-obras-de-conservacion-de-punto-de-posada-de-prefectura-aeropolicial-de-carabineros\/\">Leer m\u00e1s<\/a><\/p>\n","protected":false},"author":2,"featured_media":51613,"comment_status":"closed","ping_status":"closed","sticky":false,"template":"","format":"standard","meta":{"footnotes":""},"categories":[1],"tags":[],"class_list":["post-51612","post","type-post","status-publish","format-standard","has-post-thumbnail","hentry","category-cronica"],"_links":{"self":[{"href":"https:\/\/www.radiopresidenteibanez.cl\/web\/wp-json\/wp\/v2\/posts\/51612","targetHints":{"allow":["GET"]}}],"collection":[{"href":"https:\/\/www.radiopresidenteibanez.cl\/web\/wp-json\/wp\/v2\/posts"}],"about":[{"href":"https:\/\/www.radiopresidenteibanez.cl\/web\/wp-json\/wp\/v2\/types\/post"}],"author":[{"embeddable":true,"href":"https:\/\/www.radiopresidenteibanez.cl\/web\/wp-json\/wp\/v2\/users\/2"}],"replies":[{"embeddable":true,"href":"https:\/\/www.radiopresidenteibanez.cl\/web\/wp-json\/wp\/v2\/comments?post=51612"}],"version-history":[{"count":0,"href":"https:\/\/www.radiopresidenteibanez.cl\/web\/wp-json\/wp\/v2\/posts\/51612\/revisions"}],"wp:featuredmedia":[{"embeddable":true,"href":"https:\/\/www.radiopresidenteibanez.cl\/web\/wp-json\/wp\/v2\/media\/51613"}],"wp:attachment":[{"href":"https:\/\/www.radiopresidenteibanez.cl\/web\/wp-json\/wp\/v2\/media?parent=51612"}],"wp:term":[{"taxonomy":"category","embeddable":true,"href":"https:\/\/www.radiopresidenteibanez.cl\/web\/wp-json\/wp\/v2\/categories?post=51612"},{"taxonomy":"post_tag","embeddable":true,"href":"https:\/\/www.radiopresidenteibanez.cl\/web\/wp-json\/wp\/v2\/tags?post=51612"}],"curies":[{"name":"wp","href":"https:\/\/api.w.org\/{rel}","templated":true}]}}