{"id":51565,"date":"2024-10-04T15:33:00","date_gmt":"2024-10-04T18:33:00","guid":{"rendered":"https:\/\/www.radiopresidenteibanez.cl\/web\/?p=51565"},"modified":"2024-10-04T11:38:01","modified_gmt":"2024-10-04T14:38:01","slug":"ceremonia-de-71o-aniversario-del-hospital-clinico-magallanes","status":"publish","type":"post","link":"https:\/\/www.radiopresidenteibanez.cl\/web\/ceremonia-de-71o-aniversario-del-hospital-clinico-magallanes\/","title":{"rendered":"Ceremonia de 71\u00ba Aniversario del Hospital Cl\u00ednico Magallanes"},"content":{"rendered":"\n<p>En el Auditorio Carlos Banse se llev\u00f3 a cabo la solemne ceremonia por el 71\u00ba<br>aniversario del Hospital Cl\u00ednico Magallanes, conmemorando m\u00e1s de siete d\u00e9cadas<br>al servicio de la salud p\u00fablica en la regi\u00f3n. El Director del establecimiento, Ricardo<br>Contreras Fa\u00fandez, destac\u00f3 la relevancia de esta fecha y la trayectoria del<br>hospital en sus declaraciones:<br>\u00abHoy es una fecha muy especial. Nuestro establecimiento conmemora sus 71 a\u00f1os<br>al servicio de la salud p\u00fablica en la regi\u00f3n de Magallanes. Por supuesto que nos<br>permite reflexionar todo el camino transitado, todos los logros que se han venido<br>materializando en el hospital para posicionarlo hoy d\u00eda como un centro de<br>referencia en nuestro Chile austral. De igual manera, nos proyectamos para dar<br>respuesta a los desaf\u00edos futuros que tambi\u00e9n son muy importantes, c\u00f3mo damos<br>la mejor respuesta a las crecientes necesidades sanitarias de la poblaci\u00f3n. De<br>igual manera, reconocer el esfuerzo y el compromiso de todos nuestros<br>funcionarios. Acabamos de tener la ceremonia de acto central en el hospital, en el<br>cual hemos sido testigos del reconocimiento de toda la instituci\u00f3n a sus<br>funcionarios que hoy d\u00eda cumplen 45 a\u00f1os, 40 a\u00f1os, 30 y m\u00e1s a\u00f1os de servicio en<br>nuestro establecimiento y al servicio de la salud p\u00fablica. Para ellos y sus familias,<br>todo nuestro reconocimiento y felicitaciones. As\u00ed que como establecimiento<br>estamos muy contentos, orgullosos y tambi\u00e9n con mucho entusiasmo para seguir<br>avanzando y enfrentando los desaf\u00edos futuros\u00bb.<br>Durante el evento, se reconoci\u00f3 a los funcionarios que han dedicado gran parte de<br>sus vidas al servicio de la salud p\u00fablica, alcanzando hitos importantes en sus<br>carreras. A continuaci\u00f3n, los homenajeados:<br>Premio al Mejor Compa\u00f1ero:<br>\uf0b7 Walter de Giorgio Huichapai<br>Premiados por 25 a\u00f1os de Servicio:<br>\uf0b7 Claudio Jos\u00e9 Aguilar Leviman<br>\uf0b7 Carolin Patricia Bahamonde Pacheco<br>\uf0b7 Susana Margarita Barrientos Alarc\u00f3n<br>\uf0b7 Pamela Viviana Calbun Vargas<br>\uf0b7 Patricia del Carmen D\u00edaz Alvarado<br>\uf0b7 Lorena Beatriz Galindo S\u00e1nchez<br>\uf0b7 Rosa Liliana Gallegos Barrientos<br>\uf0b7 H\u00e9ctor Alejandro Garay Aguilar<\/p>\n\n\n\n<p>\uf0b7 H\u00e9ctor G\u00f3mez Ojeda<br>\uf0b7 Javier Francisco Mellado Barr\u00eda<br>\uf0b7 Danilo Alfredo Navarro Nauto<br>\uf0b7 Mar\u00eda Teresa Panicuci Paillan<br>\uf0b7 Jaqueline Janet Pinto Borquez<br>\uf0b7 Sonia Orfelina Ruiz Oyarzo<br>\uf0b7 Rodolfo Ramiro S\u00e1nchez Valdebenito<br>\uf0b7 Isabel Cristina Silva Ram\u00edrez<br>Premiados por 30 a\u00f1os de Servicio:<br>\uf0b7 Tamara Paola \u00c1vila Galindo<br>\uf0b7 Olga del Tr\u00e1nsito Barr\u00eda C\u00e1rdenas<br>\uf0b7 Gonzalo Campos Gamelli<br>\uf0b7 Eddy Ximena C\u00e1rcamo Asencio<br>\uf0b7 Susana Carrasco Paradis<br>\uf0b7 Pamela Cecilia Miranda Barr\u00eda<br>\uf0b7 Walter Neracher S\u00e1nchez<br>\uf0b7 Patricia Yanette Opazo Beltr\u00e1n<br>\uf0b7 Ang\u00e9lica Cristina Oyarz\u00fan Godoy<br>\uf0b7 Mauricio P\u00e9rez S\u00e1nchez<br>\uf0b7 Ana Iris Saldivia Bahamonde<br>\uf0b7 Rosa Hilda Soto Castillo<br>Premiados por 35 a\u00f1os de Servicio:<br>\uf0b7 Ercira Lorena Andrade G\u00f3mez<br>\uf0b7 Javier Alejandro C\u00e1rdenas Borquez<br>\uf0b7 Maribel Janet D\u00edaz Montiel<br>\uf0b7 Luis Godoy Gonz\u00e1lez<br>\uf0b7 Nancy Ximena Hern\u00e1ndez Saldivia<br>\uf0b7 Eva Edith Hern\u00e1ndez Ulloa<br>\uf0b7 Alejandro Evaristo Silva Silva<br>\uf0b7 Miguel \u00c1ngel Suazo Cabezas<\/p>\n\n\n\n<p>\uf0b7 Juan Pablo Varas Figueroa<br>\uf0b7 Jimena Vila Contu<br>Premiados por 40 a\u00f1os de Servicio:<br>\uf0b7 Eladio Ernesto Alvarado Ulloa<br>\uf0b7 Marcia Oriana Ampuero Mansilla<br>\uf0b7 Ada Beatriz Bidart Conejeros<br>\uf0b7 Bernardita Lucette Flores Fuentealba<br>\uf0b7 Patricia Isabel Fuentes Soto<br>\uf0b7 Marco Antonio Olgu\u00edn Contreras<br>\uf0b7 Jos\u00e9 Germ\u00e1n Paredes Ruiz<br>\uf0b7 Patricia Ximena Quinchen Ojeda<br>\uf0b7 Alicia Las Nieves Tapia L\u00f3pez<br>Premiados por 45 a\u00f1os de Servicio:<br>\uf0b7 Jos\u00e9 Eduardo G\u00f3mez Vidal<br>\uf0b7 Alicia Marlene Lobos Meza<br>\uf0b7 Nelly Carmen Maldonado Ojeda<\/p>\n","protected":false},"excerpt":{"rendered":"<p>En el Auditorio Carlos Banse se llev\u00f3 a cabo la solemne ceremonia por el 71\u00baaniversario del Hospital Cl\u00ednico Magallanes, conmemorando m\u00e1s de siete d\u00e9cadasal servicio de la salud p\u00fablica en&#8230; <a class=\"read-more\" href=\"https:\/\/www.radiopresidenteibanez.cl\/web\/ceremonia-de-71o-aniversario-del-hospital-clinico-magallanes\/\">Leer m\u00e1s<\/a><\/p>\n","protected":false},"author":2,"featured_media":51566,"comment_status":"closed","ping_status":"closed","sticky":false,"template":"","format":"standard","meta":{"footnotes":""},"categories":[1],"tags":[],"class_list":["post-51565","post","type-post","status-publish","format-standard","has-post-thumbnail","hentry","category-cronica"],"_links":{"self":[{"href":"https:\/\/www.radiopresidenteibanez.cl\/web\/wp-json\/wp\/v2\/posts\/51565","targetHints":{"allow":["GET"]}}],"collection":[{"href":"https:\/\/www.radiopresidenteibanez.cl\/web\/wp-json\/wp\/v2\/posts"}],"about":[{"href":"https:\/\/www.radiopresidenteibanez.cl\/web\/wp-json\/wp\/v2\/types\/post"}],"author":[{"embeddable":true,"href":"https:\/\/www.radiopresidenteibanez.cl\/web\/wp-json\/wp\/v2\/users\/2"}],"replies":[{"embeddable":true,"href":"https:\/\/www.radiopresidenteibanez.cl\/web\/wp-json\/wp\/v2\/comments?post=51565"}],"version-history":[{"count":0,"href":"https:\/\/www.radiopresidenteibanez.cl\/web\/wp-json\/wp\/v2\/posts\/51565\/revisions"}],"wp:featuredmedia":[{"embeddable":true,"href":"https:\/\/www.radiopresidenteibanez.cl\/web\/wp-json\/wp\/v2\/media\/51566"}],"wp:attachment":[{"href":"https:\/\/www.radiopresidenteibanez.cl\/web\/wp-json\/wp\/v2\/media?parent=51565"}],"wp:term":[{"taxonomy":"category","embeddable":true,"href":"https:\/\/www.radiopresidenteibanez.cl\/web\/wp-json\/wp\/v2\/categories?post=51565"},{"taxonomy":"post_tag","embeddable":true,"href":"https:\/\/www.radiopresidenteibanez.cl\/web\/wp-json\/wp\/v2\/tags?post=51565"}],"curies":[{"name":"wp","href":"https:\/\/api.w.org\/{rel}","templated":true}]}}