{"id":5156,"date":"2019-06-19T14:52:57","date_gmt":"2019-06-19T14:52:57","guid":{"rendered":"http:\/\/www.radiopresidenteibanez.cl\/web\/?p=5156"},"modified":"2019-06-19T14:53:43","modified_gmt":"2019-06-19T14:53:43","slug":"puerto-natales-ya-cuenta-con-local-para-la-venta-de-productos-del-mar","status":"publish","type":"post","link":"https:\/\/www.radiopresidenteibanez.cl\/web\/puerto-natales-ya-cuenta-con-local-para-la-venta-de-productos-del-mar\/","title":{"rendered":"PUERTO NATALES YA CUENTA CON LOCAL PARA LA VENTA DE PRODUCTOS DEL MAR"},"content":{"rendered":"\n<p>Felices se\nmostraron los trabajadores independientes que han dedicado a lo largo de los\na\u00f1os a vender sus productos del mar en la calle, luego de que el alcalde de la\ncomuna Fernando Paredes Mansilla junto a los concejales de la comuna y la\ngobernadora Ana Mayorga les hicieran entrega de las llaves de las nuevas\ndependencias que los cobijara y permitir\u00e1 a partir de hoy vender sus productos\nen un lugar estable y seguro.<\/p>\n\n\n\n<p>La\nconstrucci\u00f3n tuvo un costo de 314 millones de pesos a trav\u00e9s del financiamiento\ndel fondo nacional de desarrollo regional&nbsp;\n(FNDR). La obra estuvo a cargo de la empresa Sociedad Comercial y\nConstructora Subiabre. La superficie de construcci\u00f3n alcanz\u00f3 los 265 metros\ncuadrados, y cuenta con 10 modernos puestos de ventas con sus respectivas\ninstalaciones de todos los servicios tales como calefactores a gas, cocina, termo,\nluminarias, artefactos sanitarios, lavaderos y lavamanos. El nuevo edificio de\nventas de productos del mar que pronto entrar\u00e1 en funcionamiento se ubica a\ncontinuaci\u00f3n del Pueblito Artesanal ubicado en calle Angamos, donde hasta hace\nunos meses se hab\u00eda registrado una toma de terrenos.<\/p>\n\n\n\n<p>Durante la\nvisita, el alcalde de la comuna Fernando Paredes Mansilla se mostr\u00f3 feliz por\nla concreci\u00f3n de una de las obras m\u00e1s anhelada por los trabajadores\nindependientes, \u201cme recuerdo hace 6 a\u00f1os atr\u00e1s cuando empezamos abordar una\nproblem\u00e1tica que exist\u00eda en nuestra ciudad donde la gente vend\u00eda sus productos\ndel mar en la calle, ellos no ten\u00edan autorizaci\u00f3n sanitaria ni las condiciones m\u00ednimas\npara vender sus productos, pero adem\u00e1s la certificaci\u00f3n de la comunidad que adquir\u00eda\nel producto, agradezco al Consejo Regional y al Gobierno Regional por apoyar\nesta iniciativa\u201d, en esta misma l\u00ednea el alcalde valor\u00f3 y reconoci\u00f3 que hubo un\ngran trabajo con los servicios p\u00fablicos y con los beneficiarios para poder\nmaterializar \u00e9sta gran obra que muy pronto ser\u00e1 inaugurada y puesta a\ndisposici\u00f3n de la comunidad.<\/p>\n\n\n\n<p>Reinaldo Caro, presidente de la agrupaci\u00f3n \u201cGente de Mar\u201d se mostr\u00f3 feliz por el sue\u00f1o cumplido en tener y poder contar con un centro para la venta de sus productos, \u201cestoy agradecido de las autoridades porque nunca me dieron la espalda, siempre estuvieron ah\u00ed el servicio de salud, carabineros y la municipalidad\u201d, destac\u00f3 el dirigente. En tanto el concejal de la comuna Guillermo Ruiz destac\u00f3 el trabajo y el compromiso del Concejo Municipal indicando que hoy la comunidad va a contar con un recinto mucho m\u00e1s c\u00f3modo para las ventas de productos del mar.<\/p>\n\n\n\n<p>Finalmente la m\u00e1xima autoridad de la provincia, la gobernadora Ana Mayorga record\u00f3 el trabajo que realiz\u00f3 cuando era concejala de la comuna junto a la agrupaci\u00f3n, \u201cEste trabajo tiene sus a\u00f1os y hoy como gobernadora y representando al Presidente Sebasti\u00e1n Pi\u00f1era estamos muy contento ya que aqu\u00ed existe un compromiso desde Gobierno Regional donde se aprobaron los recursos y desde aqu\u00ed generamos el compromiso con la agrupaci\u00f3n para tener una reuni\u00f3n con los servicios p\u00fablicos y poder colocar en marcha este importante proyecto\u201d.<\/p>\n\n\n\n<figure class=\"wp-block-image\"><img loading=\"lazy\" decoding=\"async\" width=\"1024\" height=\"683\" src=\"https:\/\/www.radiopresidenteibanez.cl\/web\/wp-content\/uploads\/2019\/06\/039A7781-1024x683.jpg\" alt=\"\" class=\"wp-image-5157\" srcset=\"https:\/\/www.radiopresidenteibanez.cl\/web\/wp-content\/uploads\/2019\/06\/039A7781.jpg 1024w, https:\/\/www.radiopresidenteibanez.cl\/web\/wp-content\/uploads\/2019\/06\/039A7781-300x200.jpg 300w, https:\/\/www.radiopresidenteibanez.cl\/web\/wp-content\/uploads\/2019\/06\/039A7781-768x512.jpg 768w\" sizes=\"auto, (max-width: 1024px) 100vw, 1024px\" \/><\/figure>\n","protected":false},"excerpt":{"rendered":"<p>Felices se mostraron los trabajadores independientes que han dedicado a lo largo de los a\u00f1os a vender sus productos del mar en la calle, luego de que el alcalde de&#8230; <a class=\"read-more\" href=\"https:\/\/www.radiopresidenteibanez.cl\/web\/puerto-natales-ya-cuenta-con-local-para-la-venta-de-productos-del-mar\/\">Leer m\u00e1s<\/a><\/p>\n","protected":false},"author":2,"featured_media":5157,"comment_status":"closed","ping_status":"closed","sticky":false,"template":"","format":"standard","meta":{"footnotes":""},"categories":[1],"tags":[],"class_list":["post-5156","post","type-post","status-publish","format-standard","has-post-thumbnail","hentry","category-cronica"],"_links":{"self":[{"href":"https:\/\/www.radiopresidenteibanez.cl\/web\/wp-json\/wp\/v2\/posts\/5156","targetHints":{"allow":["GET"]}}],"collection":[{"href":"https:\/\/www.radiopresidenteibanez.cl\/web\/wp-json\/wp\/v2\/posts"}],"about":[{"href":"https:\/\/www.radiopresidenteibanez.cl\/web\/wp-json\/wp\/v2\/types\/post"}],"author":[{"embeddable":true,"href":"https:\/\/www.radiopresidenteibanez.cl\/web\/wp-json\/wp\/v2\/users\/2"}],"replies":[{"embeddable":true,"href":"https:\/\/www.radiopresidenteibanez.cl\/web\/wp-json\/wp\/v2\/comments?post=5156"}],"version-history":[{"count":0,"href":"https:\/\/www.radiopresidenteibanez.cl\/web\/wp-json\/wp\/v2\/posts\/5156\/revisions"}],"wp:featuredmedia":[{"embeddable":true,"href":"https:\/\/www.radiopresidenteibanez.cl\/web\/wp-json\/wp\/v2\/media\/5157"}],"wp:attachment":[{"href":"https:\/\/www.radiopresidenteibanez.cl\/web\/wp-json\/wp\/v2\/media?parent=5156"}],"wp:term":[{"taxonomy":"category","embeddable":true,"href":"https:\/\/www.radiopresidenteibanez.cl\/web\/wp-json\/wp\/v2\/categories?post=5156"},{"taxonomy":"post_tag","embeddable":true,"href":"https:\/\/www.radiopresidenteibanez.cl\/web\/wp-json\/wp\/v2\/tags?post=5156"}],"curies":[{"name":"wp","href":"https:\/\/api.w.org\/{rel}","templated":true}]}}