{"id":5154,"date":"2019-06-19T14:49:13","date_gmt":"2019-06-19T14:49:13","guid":{"rendered":"http:\/\/www.radiopresidenteibanez.cl\/web\/?p=5154"},"modified":"2019-06-19T14:49:57","modified_gmt":"2019-06-19T14:49:57","slug":"diputada-amar-solicita-que-fiscalizacion-a-hogares-de-adultos-mayores-sea-sin-previo-aviso","status":"publish","type":"post","link":"https:\/\/www.radiopresidenteibanez.cl\/web\/diputada-amar-solicita-que-fiscalizacion-a-hogares-de-adultos-mayores-sea-sin-previo-aviso\/","title":{"rendered":"DIPUTADA AMAR SOLICITA QUE FISCALIZACI\u00d3N A HOGARES DE ADULTOS MAYORES SEA SIN PREVIO AVISO"},"content":{"rendered":"\n<p>Seg\u00fan cifras entregadas recientemente por la OCDE, se estima que en 2050 en Chile el 43% de las personas ser\u00e1n de tercera edad.<\/p>\n\n\n\n<p>En esa l\u00ednea, la diputada Sandra Amar, manifest\u00f3 su preocupaci\u00f3n por la soledad a la cual se ven expuestos los adultos mayores en esta etapa, situaci\u00f3n que se ve reflejada en los centros de larga estad\u00eda y hogares de adultos mayores.<\/p>\n\n\n\n<p>Atendiendo a esta realidad y mediante un proyecto de resoluci\u00f3n, la parlamentaria gremialista solicit\u00f3 que se aumenten y endurezcan las fiscalizaciones a los hogares, pero que tambi\u00e9n se modifique su forma, que sean sin previo aviso, ya que en la actualidad se comunica cu\u00e1ndo se fiscalizar\u00e1.<\/p>\n\n\n\n<p>\u201cLa soledad en la que viven nuestros adultos mayores es dram\u00e1tica, soledad que muchas veces se refleja en las casas de acogida en donde adem\u00e1s sabemos que existen antecedentes de abusos y maltratos hacia nuestros adultos mayores, muchos de ellos con dependencia f\u00edsica, postrados y abandonados. Es de p\u00fablico conocimiento que en la mayor\u00eda de estos lugares no se cumplen las garant\u00edas de una atenci\u00f3n profesional basada en el respeto por la dignidad de la persona, situaci\u00f3n que con el paso del tiempo se vuelve simplemente inhumana y traum\u00e1tica\u201d, asegur\u00f3 Amar.<\/p>\n\n\n\n<p>Las cifras del Ministerio de Salud muestran que la mayor\u00eda de los hogares no cuentan con las condiciones adecuadas o con el personal calificado para la atenci\u00f3n de adultos mayores, situaci\u00f3n que seg\u00fan Amar debe ser subsanada con medidas concretas como, por ejemplo, mediante fiscalizaciones sorpresa ya que \u201cal ser programadas y avisadas a los hogares, estas fiscalizaciones no son lo suficientemente eficaces. Siempre existe la posibilidad de crear toda una performance para hacer creer que se cumplen las normas y que todo est\u00e1 en orden, cuando en el d\u00eda a d\u00eda no es as\u00ed\u201d.<\/p>\n\n\n\n<p>En nuestro pa\u00eds m\u00e1s de 30.000 adultos mayores viven en centros de larga estad\u00eda. Sin embargo, dicha cifra no es posible de precisar, ya que muchos de ellos funcionan en la m\u00e1s completa informalidad.<\/p>\n\n\n\n<figure class=\"wp-block-image\"><img loading=\"lazy\" decoding=\"async\" width=\"1000\" height=\"562\" src=\"http:\/\/www.radiopresidenteibanez.cl\/web\/wp-content\/uploads\/2019\/04\/2017-08-21-sandra-amar-candidata.jpg\" alt=\"\" class=\"wp-image-3008\" srcset=\"https:\/\/www.radiopresidenteibanez.cl\/web\/wp-content\/uploads\/2019\/04\/2017-08-21-sandra-amar-candidata.jpg 1000w, https:\/\/www.radiopresidenteibanez.cl\/web\/wp-content\/uploads\/2019\/04\/2017-08-21-sandra-amar-candidata-300x169.jpg 300w, https:\/\/www.radiopresidenteibanez.cl\/web\/wp-content\/uploads\/2019\/04\/2017-08-21-sandra-amar-candidata-768x432.jpg 768w\" sizes=\"auto, (max-width: 1000px) 100vw, 1000px\" \/><\/figure>\n","protected":false},"excerpt":{"rendered":"<p>Seg\u00fan cifras entregadas recientemente por la OCDE, se estima que en 2050 en Chile el 43% de las personas ser\u00e1n de tercera edad. En esa l\u00ednea, la diputada Sandra Amar,&#8230; <a class=\"read-more\" href=\"https:\/\/www.radiopresidenteibanez.cl\/web\/diputada-amar-solicita-que-fiscalizacion-a-hogares-de-adultos-mayores-sea-sin-previo-aviso\/\">Leer m\u00e1s<\/a><\/p>\n","protected":false},"author":2,"featured_media":3008,"comment_status":"closed","ping_status":"closed","sticky":false,"template":"","format":"standard","meta":{"footnotes":""},"categories":[1],"tags":[],"class_list":["post-5154","post","type-post","status-publish","format-standard","has-post-thumbnail","hentry","category-cronica"],"_links":{"self":[{"href":"https:\/\/www.radiopresidenteibanez.cl\/web\/wp-json\/wp\/v2\/posts\/5154","targetHints":{"allow":["GET"]}}],"collection":[{"href":"https:\/\/www.radiopresidenteibanez.cl\/web\/wp-json\/wp\/v2\/posts"}],"about":[{"href":"https:\/\/www.radiopresidenteibanez.cl\/web\/wp-json\/wp\/v2\/types\/post"}],"author":[{"embeddable":true,"href":"https:\/\/www.radiopresidenteibanez.cl\/web\/wp-json\/wp\/v2\/users\/2"}],"replies":[{"embeddable":true,"href":"https:\/\/www.radiopresidenteibanez.cl\/web\/wp-json\/wp\/v2\/comments?post=5154"}],"version-history":[{"count":0,"href":"https:\/\/www.radiopresidenteibanez.cl\/web\/wp-json\/wp\/v2\/posts\/5154\/revisions"}],"wp:featuredmedia":[{"embeddable":true,"href":"https:\/\/www.radiopresidenteibanez.cl\/web\/wp-json\/wp\/v2\/media\/3008"}],"wp:attachment":[{"href":"https:\/\/www.radiopresidenteibanez.cl\/web\/wp-json\/wp\/v2\/media?parent=5154"}],"wp:term":[{"taxonomy":"category","embeddable":true,"href":"https:\/\/www.radiopresidenteibanez.cl\/web\/wp-json\/wp\/v2\/categories?post=5154"},{"taxonomy":"post_tag","embeddable":true,"href":"https:\/\/www.radiopresidenteibanez.cl\/web\/wp-json\/wp\/v2\/tags?post=5154"}],"curies":[{"name":"wp","href":"https:\/\/api.w.org\/{rel}","templated":true}]}}