{"id":5150,"date":"2019-06-19T14:45:07","date_gmt":"2019-06-19T14:45:07","guid":{"rendered":"http:\/\/www.radiopresidenteibanez.cl\/web\/?p=5150"},"modified":"2019-06-19T14:45:17","modified_gmt":"2019-06-19T14:45:17","slug":"servicios-de-impuestos-internos-cumple-109-anos-al-servicio-de-la-comunidad-en-la-region-de-magallanes-y-antartica-chilena","status":"publish","type":"post","link":"https:\/\/www.radiopresidenteibanez.cl\/web\/servicios-de-impuestos-internos-cumple-109-anos-al-servicio-de-la-comunidad-en-la-region-de-magallanes-y-antartica-chilena\/","title":{"rendered":"SERVICIOS DE IMPUESTOS INTERNOS CUMPLE 109 A\u00d1OS AL SERVICIO DE LA COMUNIDAD EN LA REGI\u00d3N DE MAGALLANES Y ANT\u00c1RTICA CHILENA"},"content":{"rendered":"\n<p>En\ndependencias del Servicio de Impuestos Internos, se llev\u00f3 a cabo la ceremonia\nde su aniversario cent\u00e9simo noveno, presidida por su Directora Ana Maria Vargas\ny con la presencia de Autoridades regionales, se conmemor\u00f3 un a\u00f1o m\u00e1s de\ntrabajo y compromiso por parte del equipo que conforma la divisi\u00f3n Regional. La\nSeremi de Hacienda Lil Garc\u00e9s, destac\u00f3 el significativo trabajo de la direcci\u00f3n,\nvalorando el rol primordial que tiene el equipo del SII en la recaudaci\u00f3n\nfiscal y de apoyo a la ciudadan\u00eda, labor que permita contar con los recursos que\nel pa\u00eds requiere para su desarrollo y el bienestar de sus habitantes.<\/p>\n\n\n\n<p>Por\nsu parte la Directora Vargas se\u00f1al\u00f3: \u201cLos \u00faltimos a\u00f1os han sido muy intensos\npara todos. Hemos asumido nuevos desaf\u00edos relacionados con nuestra Misi\u00f3n, el\nPlan Estrat\u00e9gico, la aplicaci\u00f3n del nuevo modelo de gesti\u00f3n de cumplimiento\ntributario, la incorporaci\u00f3n de modernos sistemas inform\u00e1ticos, la suscripci\u00f3n\nde acuerdos de colaboraci\u00f3n tributaria,&nbsp;\nlas mejoras incorporadas al sistema de Reposici\u00f3n Administrativa\nVoluntaria, la introducci\u00f3n de&nbsp;\ninnovaciones tecnol\u00f3gicas como la propuesta de declaraciones juradas en\nOperaci\u00f3n&nbsp; Renta,&nbsp; la propuesta de declaraci\u00f3n IVA, la georreferenciaci\u00f3n\nde los bienes ra\u00edces y el potenciamiento de aplicaciones m\u00f3viles\u201d<\/p>\n\n\n\n<p>La\nestrategia definida por el SII, contempla la modernizaci\u00f3n permanente de su\ngesti\u00f3n, pasando de un enfoque correctivo a uno preventivo que considere\nacciones de tratamiento proporcionales al nivel de cumplimiento tributario, con\nel prop\u00f3sito de seguir potenciando las estrategias de facilitaci\u00f3n,\ncolaboraci\u00f3n y asistencia a los contribuyentes<\/p>\n\n\n\n<p>El principal desaf\u00edo asumido por el Servicio\npara el presente a\u00f1o, est\u00e1 centrado en reconocer a los contribuyentes como\nactores claves en el dise\u00f1o de los servicios y procesos que sustentan el modelo\nde atenci\u00f3n y asistencia; en la proporcionalidad como aspecto clave de una\nestrategia de cumplimiento tributario con enfoque preventivo, en la disminuci\u00f3n\nde la evasi\u00f3n y del comercio informal, que se incrementa cada d\u00eda&nbsp; a trav\u00e9s de&nbsp;\nplataformas online que&nbsp;\ngeneran&nbsp; sub declaraci\u00f3n de\ningresos y corrosi\u00f3n de las bases imponibles y en la incorporaci\u00f3n de nuevas\ntecnolog\u00edas para impactar positivamente en la calidad de vida de las personas y\nel desarrollo permanente de un proceso de aprendizaje y mejora continua de la\ninstituci\u00f3n.<\/p>\n\n\n\n<p>En la actividad se destac\u00f3 la labor por a\u00f1os de servicio a los funcionarios: Patricia Galindo, Sandra Alvarez, Rosa Santana, Claudia Gomez, Tatiana Carabantes y Jorge Mihovilovic.<\/p>\n\n\n\n<ul class=\"wp-block-gallery columns-2 is-cropped wp-block-gallery-1 is-layout-flex wp-block-gallery-is-layout-flex\"><li class=\"blocks-gallery-item\"><figure><img loading=\"lazy\" decoding=\"async\" width=\"1024\" height=\"684\" src=\"https:\/\/www.radiopresidenteibanez.cl\/web\/wp-content\/uploads\/2019\/06\/WhatsApp-Image-2019-06-18-at-16.01.30-1024x684.jpeg\" alt=\"\" data-id=\"5151\" data-link=\"https:\/\/www.radiopresidenteibanez.cl\/web\/?attachment_id=5151\" class=\"wp-image-5151\" srcset=\"https:\/\/www.radiopresidenteibanez.cl\/web\/wp-content\/uploads\/2019\/06\/WhatsApp-Image-2019-06-18-at-16.01.30-1024x684.jpeg 1024w, https:\/\/www.radiopresidenteibanez.cl\/web\/wp-content\/uploads\/2019\/06\/WhatsApp-Image-2019-06-18-at-16.01.30-300x200.jpeg 300w, https:\/\/www.radiopresidenteibanez.cl\/web\/wp-content\/uploads\/2019\/06\/WhatsApp-Image-2019-06-18-at-16.01.30-768x513.jpeg 768w, https:\/\/www.radiopresidenteibanez.cl\/web\/wp-content\/uploads\/2019\/06\/WhatsApp-Image-2019-06-18-at-16.01.30.jpeg 1280w\" sizes=\"auto, (max-width: 1024px) 100vw, 1024px\" \/><\/figure><\/li><li class=\"blocks-gallery-item\"><figure><img loading=\"lazy\" decoding=\"async\" width=\"1024\" height=\"684\" src=\"https:\/\/www.radiopresidenteibanez.cl\/web\/wp-content\/uploads\/2019\/06\/WhatsApp-Image-2019-06-18-at-16.01.31-1024x684.jpeg\" alt=\"\" data-id=\"5152\" data-link=\"https:\/\/www.radiopresidenteibanez.cl\/web\/?attachment_id=5152\" class=\"wp-image-5152\" srcset=\"https:\/\/www.radiopresidenteibanez.cl\/web\/wp-content\/uploads\/2019\/06\/WhatsApp-Image-2019-06-18-at-16.01.31-1024x684.jpeg 1024w, https:\/\/www.radiopresidenteibanez.cl\/web\/wp-content\/uploads\/2019\/06\/WhatsApp-Image-2019-06-18-at-16.01.31-300x200.jpeg 300w, https:\/\/www.radiopresidenteibanez.cl\/web\/wp-content\/uploads\/2019\/06\/WhatsApp-Image-2019-06-18-at-16.01.31-768x513.jpeg 768w, https:\/\/www.radiopresidenteibanez.cl\/web\/wp-content\/uploads\/2019\/06\/WhatsApp-Image-2019-06-18-at-16.01.31.jpeg 1280w\" sizes=\"auto, (max-width: 1024px) 100vw, 1024px\" \/><\/figure><\/li><\/ul>\n","protected":false},"excerpt":{"rendered":"<p>En dependencias del Servicio de Impuestos Internos, se llev\u00f3 a cabo la ceremonia de su aniversario cent\u00e9simo noveno, presidida por su Directora Ana Maria Vargas y con la presencia de&#8230; <a class=\"read-more\" href=\"https:\/\/www.radiopresidenteibanez.cl\/web\/servicios-de-impuestos-internos-cumple-109-anos-al-servicio-de-la-comunidad-en-la-region-de-magallanes-y-antartica-chilena\/\">Leer m\u00e1s<\/a><\/p>\n","protected":false},"author":2,"featured_media":5151,"comment_status":"closed","ping_status":"closed","sticky":false,"template":"","format":"standard","meta":{"footnotes":""},"categories":[1],"tags":[],"class_list":["post-5150","post","type-post","status-publish","format-standard","has-post-thumbnail","hentry","category-cronica"],"_links":{"self":[{"href":"https:\/\/www.radiopresidenteibanez.cl\/web\/wp-json\/wp\/v2\/posts\/5150","targetHints":{"allow":["GET"]}}],"collection":[{"href":"https:\/\/www.radiopresidenteibanez.cl\/web\/wp-json\/wp\/v2\/posts"}],"about":[{"href":"https:\/\/www.radiopresidenteibanez.cl\/web\/wp-json\/wp\/v2\/types\/post"}],"author":[{"embeddable":true,"href":"https:\/\/www.radiopresidenteibanez.cl\/web\/wp-json\/wp\/v2\/users\/2"}],"replies":[{"embeddable":true,"href":"https:\/\/www.radiopresidenteibanez.cl\/web\/wp-json\/wp\/v2\/comments?post=5150"}],"version-history":[{"count":0,"href":"https:\/\/www.radiopresidenteibanez.cl\/web\/wp-json\/wp\/v2\/posts\/5150\/revisions"}],"wp:featuredmedia":[{"embeddable":true,"href":"https:\/\/www.radiopresidenteibanez.cl\/web\/wp-json\/wp\/v2\/media\/5151"}],"wp:attachment":[{"href":"https:\/\/www.radiopresidenteibanez.cl\/web\/wp-json\/wp\/v2\/media?parent=5150"}],"wp:term":[{"taxonomy":"category","embeddable":true,"href":"https:\/\/www.radiopresidenteibanez.cl\/web\/wp-json\/wp\/v2\/categories?post=5150"},{"taxonomy":"post_tag","embeddable":true,"href":"https:\/\/www.radiopresidenteibanez.cl\/web\/wp-json\/wp\/v2\/tags?post=5150"}],"curies":[{"name":"wp","href":"https:\/\/api.w.org\/{rel}","templated":true}]}}