{"id":51499,"date":"2024-10-02T08:17:22","date_gmt":"2024-10-02T11:17:22","guid":{"rendered":"https:\/\/www.radiopresidenteibanez.cl\/web\/?p=51499"},"modified":"2024-10-02T08:17:27","modified_gmt":"2024-10-02T11:17:27","slug":"presupuesto-2025-un-impulso-para-la-seguridad-y-el-desarrollo-rgional-en-chile","status":"publish","type":"post","link":"https:\/\/www.radiopresidenteibanez.cl\/web\/presupuesto-2025-un-impulso-para-la-seguridad-y-el-desarrollo-rgional-en-chile\/","title":{"rendered":"Presupuesto 2025: Un impulso para la seguridad y el desarrollo rgional en chile"},"content":{"rendered":"\n<p>En una ceremonia realizada en el Palacio de La<br>Moneda, el Presidente Gabriel Boric entreg\u00f3 el proyecto de ley del presupuesto para el a\u00f1o<br>2025 al Congreso Nacional, marcando un hito en la planificaci\u00f3n econ\u00f3mica del pa\u00eds, que<br>refleja un incremento del 2,7% respecto al presupuesto anterior. Este presupuesto tiene<br>como objetivo central mejorar la calidad de vida de los ciudadanos chilenos, abordando de<br>manera prioritaria las inquietudes y necesidades de la poblaci\u00f3n.<br>El Presidente Boric enfatiz\u00f3 la importancia de concentrar recursos en \u00e1reas clave como la<br>seguridad p\u00fablica, la salud, la educaci\u00f3n y la vivienda. En particular, el presupuesto destina<br>un 15% m\u00e1s a la seguridad p\u00fablica, lo que permitir\u00e1 incrementar la presencia de<br>Carabineros y mejorar la infraestructura y equipamiento policial.<br>Este enfoque integral hacia la seguridad refleja una comprensi\u00f3n profunda de los desaf\u00edos<br>que enfrenta la sociedad chilena y el deseo de abordarlos de manera proactiva.<br>En este contexto, el Delegado Presidencial Regional, Jos\u00e9 Ruiz Pivcevic, enfatiz\u00f3: \u00abComo<br>anunci\u00f3 el Presidente en cadena nacional, este presupuesto se presenta con la<br>responsabilidad de responder a las preocupaciones de la ciudadan\u00eda. Se trata de un<br>esfuerzo significativo que busca priorizar la seguridad p\u00fablica, econ\u00f3mica y social, en los<br>18 meses que nos quedan de gobierno\u00bb.<br>\u00abAdem\u00e1s, hemos priorizado un aumento del presupuesto destinado a las municipalidades,<br>que se ver\u00e1 reflejado en un 137% m\u00e1s para el a\u00f1o 2024 gracias a la ley del Royalty Minero.<br>Esto se traducir\u00e1 en mejoras visibles para nuestros vecinos, como m\u00e1s luminarias y<br>c\u00e1maras de seguridad\u00bb, a\u00f1adi\u00f3 el Delegado.<br>Asimismo, el presupuesto contempla un aumento del 30% para el Servicio Nacional de<br>Prevenci\u00f3n y Respuesta ante Desastres (SENAPRED), lo que fortalecer\u00e1 la capacidad del<br>pa\u00eds para enfrentar emergencias. Este enfoque preventivo y proactivo es esencial para<br>garantizar la seguridad y bienestar de todos los chilenos.<br>En tanto la Seremi del Trabajo, Doris Sandoval, indic\u00f3 que \u201cen el marco de la propuesta<br>que estamos presentando al Parlamento chileno, y por tanto al pa\u00eds, en materia<br>presupuestaria 2025, como Gobierno, entendemos la seguridad, en general, de manera<br>bastante integral con un enfoque social inclusivo donde el bienestar de las personas se<br>asocia a la necesidad de sentirse seguros en las calles, en particular para las mujeres,<\/p>\n\n\n\n<p>sentirse seguras en sus hogares; para los trabajadores y trabajadoras sentir que pueden<br>proyectar un futuro laboral con condiciones de trabajo decente y adem\u00e1s con jubilaciones<br>dignas. Entendemos la seguridad en este amplio sentido y de ah\u00ed, el enfoque que tiene la<br>propuesta de presupuesto\u00bb.<br>En la misma l\u00ednea el Seremi de Educaci\u00f3n, Valent\u00edn Aguilera, manifest\u00f3: \u201cEn el marco de la<br>presentaci\u00f3n de la Ley de Presupuesto 2025, destacamos la presencia de importantes<br>medidas relacionadas con la Seguridad Social en nuestro pa\u00eds, incrementando la inversi\u00f3n<br>en materia de Vivienda, Salud, Cuidados y por supuesto Educaci\u00f3n, donde se registrar\u00e1 un<br>incremento significativo del 32% en materia de Educaci\u00f3n P\u00fablica, contemplando la<br>instalaci\u00f3n de ocho nuevos servicios locales a nivel nacional, lo cual es un respaldo al<br>trabajo de los servicios locales ya existentes, incluido el SLEP Magallanes, reforzando el<br>compromiso del Gobierno del Presidente Gabriel Boric por el fortalecimiento de la<br>Educaci\u00f3n P\u00fablica en todo el territorio\u201d.<br>Finalmente, el Delegado Presidencial hizo un llamado a los parlamentarios de la regi\u00f3n<br>para que se comprometan en una discusi\u00f3n constructiva y apoyen la aprobaci\u00f3n de este<br>presupuesto. El esfuerzo colectivo es crucial para lograr una mejor calidad de vida para<br>todos los chilenos y chilenas, reafirmando la responsabilidad compartida en la construcci\u00f3n<br>de un futuro m\u00e1s seguro y pr\u00f3spero para el pa\u00eds.<\/p>\n","protected":false},"excerpt":{"rendered":"<p>En una ceremonia realizada en el Palacio de LaMoneda, el Presidente Gabriel Boric entreg\u00f3 el proyecto de ley del presupuesto para el a\u00f1o2025 al Congreso Nacional, marcando un hito en&#8230; <a class=\"read-more\" href=\"https:\/\/www.radiopresidenteibanez.cl\/web\/presupuesto-2025-un-impulso-para-la-seguridad-y-el-desarrollo-rgional-en-chile\/\">Leer m\u00e1s<\/a><\/p>\n","protected":false},"author":2,"featured_media":51500,"comment_status":"closed","ping_status":"closed","sticky":false,"template":"","format":"standard","meta":{"footnotes":""},"categories":[1],"tags":[],"class_list":["post-51499","post","type-post","status-publish","format-standard","has-post-thumbnail","hentry","category-cronica"],"_links":{"self":[{"href":"https:\/\/www.radiopresidenteibanez.cl\/web\/wp-json\/wp\/v2\/posts\/51499","targetHints":{"allow":["GET"]}}],"collection":[{"href":"https:\/\/www.radiopresidenteibanez.cl\/web\/wp-json\/wp\/v2\/posts"}],"about":[{"href":"https:\/\/www.radiopresidenteibanez.cl\/web\/wp-json\/wp\/v2\/types\/post"}],"author":[{"embeddable":true,"href":"https:\/\/www.radiopresidenteibanez.cl\/web\/wp-json\/wp\/v2\/users\/2"}],"replies":[{"embeddable":true,"href":"https:\/\/www.radiopresidenteibanez.cl\/web\/wp-json\/wp\/v2\/comments?post=51499"}],"version-history":[{"count":0,"href":"https:\/\/www.radiopresidenteibanez.cl\/web\/wp-json\/wp\/v2\/posts\/51499\/revisions"}],"wp:featuredmedia":[{"embeddable":true,"href":"https:\/\/www.radiopresidenteibanez.cl\/web\/wp-json\/wp\/v2\/media\/51500"}],"wp:attachment":[{"href":"https:\/\/www.radiopresidenteibanez.cl\/web\/wp-json\/wp\/v2\/media?parent=51499"}],"wp:term":[{"taxonomy":"category","embeddable":true,"href":"https:\/\/www.radiopresidenteibanez.cl\/web\/wp-json\/wp\/v2\/categories?post=51499"},{"taxonomy":"post_tag","embeddable":true,"href":"https:\/\/www.radiopresidenteibanez.cl\/web\/wp-json\/wp\/v2\/tags?post=51499"}],"curies":[{"name":"wp","href":"https:\/\/api.w.org\/{rel}","templated":true}]}}