{"id":51496,"date":"2024-10-01T18:49:00","date_gmt":"2024-10-01T21:49:00","guid":{"rendered":"https:\/\/www.radiopresidenteibanez.cl\/web\/?p=51496"},"modified":"2024-10-01T15:40:55","modified_gmt":"2024-10-01T18:40:55","slug":"el-lunes-finaliza-convocatoria-abierta-a-lideres-mayores-2024","status":"publish","type":"post","link":"https:\/\/www.radiopresidenteibanez.cl\/web\/el-lunes-finaliza-convocatoria-abierta-a-lideres-mayores-2024\/","title":{"rendered":"El lunes finaliza convocatoria abierta a L\u00edderes Mayores 2024"},"content":{"rendered":"\n<p>El pr\u00f3ximo lunes 7 de octubre vence el plazo para la postulaci\u00f3n a \u201c100 L\u00edderes Mayores\u201d, iniciativa que reconoce a personas mayores de 75 a\u00f1os que aportan al desarrollo del pa\u00eds. A trav\u00e9s de&nbsp;<a href=\"http:\/\/www.lideresmayores.cl\/\" target=\"_blank\" rel=\"noreferrer noopener\">www.lideresmayores.cl<\/a>&nbsp;se pueden ingresar a los candidatos mediante un formulario breve y sencillo, donde los nominados pasar\u00e1n a un jurado que incluye, entre otros, al profesor Jos\u00e9 Maza, la bailarina Sara Nieto y la abogada y conductora de televisi\u00f3n, Carmen Gloria Arroyo, y es encabezado por el rector UC, Ignacio S\u00e1nchez.<\/p>\n\n\n\n<p>\u201cA trav\u00e9s de las postulaciones hemos estado conociendo candidatos de todos los rincones del pa\u00eds. Historias que nos entusiasman y nos inspiran, verdaderos ejemplos de la necesidad de un cambio de mirada hacia la vejez\u201d, se\u00f1ala Eduardo Toro, director ejecutivo de Conecta Mayor UC. \u201cQuedan algunos d\u00edas para subir postulaciones a trav\u00e9s de un formulario muy sencillo. Las experiencias anteriores nos han demostrado que son muchos los mayores de 75 que ocupan roles cruciales en cada una de estas \u00e1reas y es ahora el momento de reconocerlos\u201d, enfatiza.<\/p>\n\n\n\n<p>Desde el a\u00f1o 2021 ya han sido 300 los mayores de 75 a\u00f1os reconocidos por su aporte al desarrollo del pa\u00eds en las seis diferentes categor\u00edas: Ciencias y humanidades; Cultura y artes; Econom\u00eda y oficios tradicionales; Labor comunitaria y pol\u00edtica, y Vida Saludable.&nbsp;<\/p>\n\n\n\n<p>Los 100 ganadores, al igual que a\u00f1os anteriores, ser\u00e1n presentados en una edici\u00f3n especial de El Mercurio y en una ceremonia en la Casa Central de la Pontificia Universidad Cat\u00f3lica de Chile.<\/p>\n","protected":false},"excerpt":{"rendered":"<p>El pr\u00f3ximo lunes 7 de octubre vence el plazo para la postulaci\u00f3n a \u201c100 L\u00edderes Mayores\u201d, iniciativa que reconoce a personas mayores de 75 a\u00f1os que aportan al desarrollo del&#8230; <a class=\"read-more\" href=\"https:\/\/www.radiopresidenteibanez.cl\/web\/el-lunes-finaliza-convocatoria-abierta-a-lideres-mayores-2024\/\">Leer m\u00e1s<\/a><\/p>\n","protected":false},"author":2,"featured_media":51497,"comment_status":"closed","ping_status":"closed","sticky":false,"template":"","format":"standard","meta":{"footnotes":""},"categories":[1],"tags":[],"class_list":["post-51496","post","type-post","status-publish","format-standard","has-post-thumbnail","hentry","category-cronica"],"_links":{"self":[{"href":"https:\/\/www.radiopresidenteibanez.cl\/web\/wp-json\/wp\/v2\/posts\/51496","targetHints":{"allow":["GET"]}}],"collection":[{"href":"https:\/\/www.radiopresidenteibanez.cl\/web\/wp-json\/wp\/v2\/posts"}],"about":[{"href":"https:\/\/www.radiopresidenteibanez.cl\/web\/wp-json\/wp\/v2\/types\/post"}],"author":[{"embeddable":true,"href":"https:\/\/www.radiopresidenteibanez.cl\/web\/wp-json\/wp\/v2\/users\/2"}],"replies":[{"embeddable":true,"href":"https:\/\/www.radiopresidenteibanez.cl\/web\/wp-json\/wp\/v2\/comments?post=51496"}],"version-history":[{"count":0,"href":"https:\/\/www.radiopresidenteibanez.cl\/web\/wp-json\/wp\/v2\/posts\/51496\/revisions"}],"wp:featuredmedia":[{"embeddable":true,"href":"https:\/\/www.radiopresidenteibanez.cl\/web\/wp-json\/wp\/v2\/media\/51497"}],"wp:attachment":[{"href":"https:\/\/www.radiopresidenteibanez.cl\/web\/wp-json\/wp\/v2\/media?parent=51496"}],"wp:term":[{"taxonomy":"category","embeddable":true,"href":"https:\/\/www.radiopresidenteibanez.cl\/web\/wp-json\/wp\/v2\/categories?post=51496"},{"taxonomy":"post_tag","embeddable":true,"href":"https:\/\/www.radiopresidenteibanez.cl\/web\/wp-json\/wp\/v2\/tags?post=51496"}],"curies":[{"name":"wp","href":"https:\/\/api.w.org\/{rel}","templated":true}]}}