{"id":51487,"date":"2024-10-01T12:55:00","date_gmt":"2024-10-01T15:55:00","guid":{"rendered":"https:\/\/www.radiopresidenteibanez.cl\/web\/?p=51487"},"modified":"2024-10-01T11:34:07","modified_gmt":"2024-10-01T14:34:07","slug":"bandas-regionales-y-pascuala-ilabaca-celebran-el-mes-de-la-musica-en-magallanes","status":"publish","type":"post","link":"https:\/\/www.radiopresidenteibanez.cl\/web\/bandas-regionales-y-pascuala-ilabaca-celebran-el-mes-de-la-musica-en-magallanes\/","title":{"rendered":"Bandas regionales y Pascuala Ilabaca celebran el Mes de la M\u00fasica en Magallanes"},"content":{"rendered":"\n<p>Cinco agrupaciones y solistas locales, m\u00e1s la invitada nacional:&nbsp;Pascuala Ilabaca<br>&amp; Fauna, protagonizar\u00e1n la celebraci\u00f3n del Mes de la M\u00fasica en la regi\u00f3n de<br>Magallanes.<br>La fiesta musical, organizada por la Seremi de las Culturas, las Arte y el<br>Patrimonio, se llevar\u00e1 a cabo en las comunas de Cabo de Hornos y Punta Arenas.<br>El jueves 3 de octubre, a 19.00 horas, se presentar\u00e1 por primera vez en Puerto<br>Williams, Pascuala Ilabaca &amp; Fauna. La actuaci\u00f3n de la cantante, compositora&nbsp;y<br>acordeonista chilena, que mezcla en sus obras elementos del folclor chileno con<br>ritmos latinoamericanos, se llevar\u00e1 a cabo en dependencias de la Sala de Uso<br>M\u00faltiple (SUM). El acceso al evento es abierto a toda la comunidad y con entrada<br>liberada.<br>Mientras que el viernes 4 de octubre, a partir de las 18.00 horas, en el gimnasio<br>18 de Septiembre (Av. Salvador Allende Gossens N\u00b00203), las agrupaciones y<br>solistas locales Carolina Carmona,&nbsp;Ricardo y la Gente Sombra,&nbsp;Eli Moya,&nbsp;Amanda<br>Kurt&nbsp;y&nbsp;V\u00f3rtice, dar\u00e1n vida al festival Ruido Austral 2024. El cierre de la jornada<br>estar\u00e1 a cargo de Pascuala Ilabaca &amp; Fauna. La entrada es liberada y las<br>invitaciones se distribuyen, de 09.00 a 13.00 y entre las 14.30 y 18.00 horas, en<br>la oficina de la seremi de las culturas, ubicada en calle Pedro Montt N\u00b0 809,<br>Punta Arenas.<br>\u201cEstamos valorando el trabajo de las y los m\u00fasicos locales e incentivando los<br>procesos de perfeccionamiento. Las bandas que se presentar\u00e1n en el festival<\/p>\n\n\n\n<p>Ruido Austral, fueron seleccionadas luego de participar en los ciclos de formaci\u00f3n<br>de Escuelas de Rock. Pero tambi\u00e9n estamos descentralizando nuestra gesti\u00f3n,<br>llevando a Pascuala Ilabaca, por primera vez hasta Puerto Williams, y en una<br>especial celebraci\u00f3n para la m\u00fasica nacional\u201d, coment\u00f3 la seremi de las<br>Culturas, Carolina Herrera. &nbsp;<br>Ruido Austral 2024&nbsp;es parte de la Red de Festivales Rock\u00f3dromo: una serie de<br>escenarios y conciertos que marcan presencia en todas las regiones del pa\u00eds,<br>con&nbsp;m\u00e1s de 90 elencos&nbsp;en fechas organizadas por las&nbsp;Escuelas de Rock y M\u00fasica<br>Popular, un programa del&nbsp;Ministerio de las Culturas, las Artes y el Patrimonio. De<br>esta forma, el festival Rock\u00f3dromo se extiende a todo el territorio nacional, en<br>un entramado que tiene su estaci\u00f3n final en Valpara\u00edso.<br>Finalizado el concierto de este viernes,&nbsp;un jurado escoger\u00e1 al proyecto musical<br>que representar\u00e1 a la regi\u00f3n de Magallanes en el festival Rock\u00f3dromo de<br>Valpara\u00edso,&nbsp;hito final de la Red que se desarrollar\u00e1 en la ciudad puerto entre el<br>11 y el 15 de diciembre pr\u00f3ximo<br>Tanto Ruido Austral como el desplazamiento de Pascuala Ilabaca &amp; Fauna al<br>extremo sur del continente, se enmarcan en el D\u00eda de la M\u00fasica y los M\u00fasicos<br>Chilenos, que se desarrolla cada a\u00f1o en torno al 4 de octubre, fecha en la que se<br>conmemora el natalicio de Violeta Parra.<\/p>\n","protected":false},"excerpt":{"rendered":"<p>Cinco agrupaciones y solistas locales, m\u00e1s la invitada nacional:&nbsp;Pascuala Ilabaca&amp; Fauna, protagonizar\u00e1n la celebraci\u00f3n del Mes de la M\u00fasica en la regi\u00f3n deMagallanes.La fiesta musical, organizada por la Seremi de&#8230; <a class=\"read-more\" href=\"https:\/\/www.radiopresidenteibanez.cl\/web\/bandas-regionales-y-pascuala-ilabaca-celebran-el-mes-de-la-musica-en-magallanes\/\">Leer m\u00e1s<\/a><\/p>\n","protected":false},"author":2,"featured_media":51488,"comment_status":"closed","ping_status":"closed","sticky":false,"template":"","format":"standard","meta":{"footnotes":""},"categories":[1],"tags":[],"class_list":["post-51487","post","type-post","status-publish","format-standard","has-post-thumbnail","hentry","category-cronica"],"_links":{"self":[{"href":"https:\/\/www.radiopresidenteibanez.cl\/web\/wp-json\/wp\/v2\/posts\/51487","targetHints":{"allow":["GET"]}}],"collection":[{"href":"https:\/\/www.radiopresidenteibanez.cl\/web\/wp-json\/wp\/v2\/posts"}],"about":[{"href":"https:\/\/www.radiopresidenteibanez.cl\/web\/wp-json\/wp\/v2\/types\/post"}],"author":[{"embeddable":true,"href":"https:\/\/www.radiopresidenteibanez.cl\/web\/wp-json\/wp\/v2\/users\/2"}],"replies":[{"embeddable":true,"href":"https:\/\/www.radiopresidenteibanez.cl\/web\/wp-json\/wp\/v2\/comments?post=51487"}],"version-history":[{"count":0,"href":"https:\/\/www.radiopresidenteibanez.cl\/web\/wp-json\/wp\/v2\/posts\/51487\/revisions"}],"wp:featuredmedia":[{"embeddable":true,"href":"https:\/\/www.radiopresidenteibanez.cl\/web\/wp-json\/wp\/v2\/media\/51488"}],"wp:attachment":[{"href":"https:\/\/www.radiopresidenteibanez.cl\/web\/wp-json\/wp\/v2\/media?parent=51487"}],"wp:term":[{"taxonomy":"category","embeddable":true,"href":"https:\/\/www.radiopresidenteibanez.cl\/web\/wp-json\/wp\/v2\/categories?post=51487"},{"taxonomy":"post_tag","embeddable":true,"href":"https:\/\/www.radiopresidenteibanez.cl\/web\/wp-json\/wp\/v2\/tags?post=51487"}],"curies":[{"name":"wp","href":"https:\/\/api.w.org\/{rel}","templated":true}]}}