{"id":51461,"date":"2024-09-30T17:14:00","date_gmt":"2024-09-30T20:14:00","guid":{"rendered":"https:\/\/www.radiopresidenteibanez.cl\/web\/?p=51461"},"modified":"2024-09-30T15:10:24","modified_gmt":"2024-09-30T18:10:24","slug":"dia-nacional-del-guardaparques-se-celebra-en-karukinka","status":"publish","type":"post","link":"https:\/\/www.radiopresidenteibanez.cl\/web\/dia-nacional-del-guardaparques-se-celebra-en-karukinka\/","title":{"rendered":"D\u00cdA NACIONAL DEL GUARDAPARQUES SE CELEBRA EN KARUKINKA"},"content":{"rendered":"\n<p>Como su nombre lo indica, los guardaparques<br>tradicionalmente han sido custodios de \u00e1reas protegidas en Chile. Este 30 septiembre se<br>celebra su contribuci\u00f3n al cuidado del patrimonio silvestre del pa\u00eds.<br>En el Parque Karukinka son nueve las y los guardaparques que trabajan por la protecci\u00f3n<br>de este rinc\u00f3n de la isla de Tierra del Fuego, distribuyendo su tiempo entre la creaci\u00f3n de<br>nuevos senderos, el control de especies invasoras, la vigilancia de acciones que<br>amenazan el parque, la investigaci\u00f3n, entre tantas otras tareas.<br>Los guardaparques de Karukinka conforman un equipo altamente capacitado. En ellos se<br>conf\u00edan tareas como la recopilaci\u00f3n de informaci\u00f3n que permite la investigaci\u00f3n y el<br>manejo efectivo del parque.<br>\u201cLos guardaparques de Karukinka est\u00e1n en la primera l\u00ednea de la tarea de conservaci\u00f3n<br>de WCS. Esto se traduce en acciones permanentes de monitoreo de biodiversidad,<br>control de amenazas, construcci\u00f3n y mantenci\u00f3n de senderos, v\u00ednculo con la comunidad<br>local y visitantes, entre&nbsp;muchas otras. Sin ellos ser\u00eda imposible alcanzar nuestras metas y<br>visi\u00f3n de conservaci\u00f3n\u201d, coment\u00f3 Melissa Carmody, directora del Parque Karukinka.<br>WCS Chile destaca no solo el gran trabajo que realizan las y los guardaparques de<br>Karukinka, sino el de todas y todos quienes custodian las \u00e1reas protegidas de la regi\u00f3n de<br>Magallanes.<\/p>\n","protected":false},"excerpt":{"rendered":"<p>Como su nombre lo indica, los guardaparquestradicionalmente han sido custodios de \u00e1reas protegidas en Chile. Este 30 septiembre secelebra su contribuci\u00f3n al cuidado del patrimonio silvestre del pa\u00eds.En el Parque&#8230; <a class=\"read-more\" href=\"https:\/\/www.radiopresidenteibanez.cl\/web\/dia-nacional-del-guardaparques-se-celebra-en-karukinka\/\">Leer m\u00e1s<\/a><\/p>\n","protected":false},"author":2,"featured_media":51462,"comment_status":"closed","ping_status":"closed","sticky":false,"template":"","format":"standard","meta":{"footnotes":""},"categories":[1],"tags":[],"class_list":["post-51461","post","type-post","status-publish","format-standard","has-post-thumbnail","hentry","category-cronica"],"_links":{"self":[{"href":"https:\/\/www.radiopresidenteibanez.cl\/web\/wp-json\/wp\/v2\/posts\/51461","targetHints":{"allow":["GET"]}}],"collection":[{"href":"https:\/\/www.radiopresidenteibanez.cl\/web\/wp-json\/wp\/v2\/posts"}],"about":[{"href":"https:\/\/www.radiopresidenteibanez.cl\/web\/wp-json\/wp\/v2\/types\/post"}],"author":[{"embeddable":true,"href":"https:\/\/www.radiopresidenteibanez.cl\/web\/wp-json\/wp\/v2\/users\/2"}],"replies":[{"embeddable":true,"href":"https:\/\/www.radiopresidenteibanez.cl\/web\/wp-json\/wp\/v2\/comments?post=51461"}],"version-history":[{"count":0,"href":"https:\/\/www.radiopresidenteibanez.cl\/web\/wp-json\/wp\/v2\/posts\/51461\/revisions"}],"wp:featuredmedia":[{"embeddable":true,"href":"https:\/\/www.radiopresidenteibanez.cl\/web\/wp-json\/wp\/v2\/media\/51462"}],"wp:attachment":[{"href":"https:\/\/www.radiopresidenteibanez.cl\/web\/wp-json\/wp\/v2\/media?parent=51461"}],"wp:term":[{"taxonomy":"category","embeddable":true,"href":"https:\/\/www.radiopresidenteibanez.cl\/web\/wp-json\/wp\/v2\/categories?post=51461"},{"taxonomy":"post_tag","embeddable":true,"href":"https:\/\/www.radiopresidenteibanez.cl\/web\/wp-json\/wp\/v2\/tags?post=51461"}],"curies":[{"name":"wp","href":"https:\/\/api.w.org\/{rel}","templated":true}]}}