{"id":51437,"date":"2024-09-29T13:28:00","date_gmt":"2024-09-29T16:28:00","guid":{"rendered":"https:\/\/www.radiopresidenteibanez.cl\/web\/?p=51437"},"modified":"2024-09-29T18:31:09","modified_gmt":"2024-09-29T21:31:09","slug":"secreduc-distinguio-a-ocho-estudiantes-que-participaron-en-booktubers-bibliotecas-cra-2024","status":"publish","type":"post","link":"https:\/\/www.radiopresidenteibanez.cl\/web\/secreduc-distinguio-a-ocho-estudiantes-que-participaron-en-booktubers-bibliotecas-cra-2024\/","title":{"rendered":"Secreduc distingui\u00f3 a ocho estudiantes que participaron en Booktubers Bibliotecas CRA 2024"},"content":{"rendered":"\n<p>Este viernes, en el Sal\u00f3n Gabriela Mistral de la Secretar\u00eda Regional Ministerial de Educaci\u00f3n se realiz\u00f3 la ceremonia de reconocimiento de las y los estudiantes de la Regi\u00f3n de Magallanes que participaron de la iniciativa \u201cBooktubers Bibliotecas CRA 2024\u201d. Este a\u00f1o la participaci\u00f3n alcanz\u00f3 la cifra de 1.864 estudiantes, quienes rese\u00f1aron sus textos favoritos bajo el lema \u201cAmpliando lecturas que construyen historias\u201d.<\/p>\n\n\n\n<p>A nivel nacional, se destac\u00f3 a128 estudiantes por la calidad de sus videos, mientras que por regiones fueron distinguidos ocho, divididos en cuatro categor\u00edas:&nbsp; Julieta Mansilla Saldivia de la Escuela Dellamira Rebeca Aguilar y Juli\u00e1n Run\u00edn Sotomayor de la Escuela Sarmiento de Gamboa (NT1 a 2\u00b0 b\u00e1sico); Rom\u00e1n Peralta Cofr\u00e9 de la Escuela Elba Ojeda G\u00f3mez y Agustina Izquierdo N\u00fa\u00f1ez de la Escuela Pedro Sarmiento de Gamboa (3\u00b0 a 6\u00b0 b\u00e1sico); Luis Curgu\u00e1n Igor de la Escuela Patagonia&nbsp; y Jonathan Mu\u00f1iz Plana del Liceo Experimental UMAG (7\u00b0 a 1\u00b0 medio); y Benjam\u00edn Hermosilla Castillo del Liceo Experimental UMAG y Daniela Colina S\u00e1nchez del Liceo Gabriela Mistral (2\u00b0 a 4\u00b0 medio); forman parte del grupo de j\u00f3venes premiados en Magallanes.<\/p>\n\n\n\n<p>\u201cLa iniciativa Booktubers es una propuesta muy relevante dentro de las pol\u00edticas de fomento lector que el Ministerio de Educaci\u00f3n, a trav\u00e9s de su Plan de Reactivaci\u00f3n Educativa, impulsa. Felicitamos a todos y todas las estudiantes que han participado en esta edici\u00f3n, y en especial a quienes han sido destacados en nuestra regi\u00f3n, quienes junto a los equipos de Bibliotecas CRA han logrado desarrollar videos que invitan a sus compa\u00f1eros y compa\u00f1eras y al p\u00fablico en general a conocer y leer diferentes obras literarias de manera entretenida, motivadora y creativa\u201d, expres\u00f3 el seremi de Educaci\u00f3n, Valent\u00edn Aguilera G\u00f3mez, quien estuvo acompa\u00f1ado en la actividad por la seremi de las Culturas, las Artes y el Patrimonio, Carolina Herrera Toro; su par de Hacienda, \u00c1lvaro Vargas Riquelme; la encargada regional de Bibliotecas CRA, Myriam Pino Ruiz; y representantes de los establecimientos educacionales y las familias de las ni\u00f1as, ni\u00f1os y j\u00f3venes destacados.<\/p>\n\n\n\n<p><strong>Estudiantes<\/strong><\/p>\n\n\n\n<p>\u201cHola, soy Julieta, hoy les vengo a hablar de este cuento que se llama&nbsp;<em>(El)<\/em>&nbsp;<em>Pianito<\/em>, que en realidad no es un cuento es un canta cuento, como ven tiene un piano. Este libro tiene muchas canciones en las que puedes cantar y tocar el piano. Mi canci\u00f3n favorita es la de los elefantes. Cuentos muy entretenidos porque traen muchos colores y muchos personajes. Yo lo recomiendo porque pueden cantar mucho y pueden entretenerse con su familia\u201d. As\u00ed parte uno de los videos seleccionados de la Regi\u00f3n de Magallanes, que realiz\u00f3 la estudiante de cinco a\u00f1os, Julieta Mansilla Saldivia, que cursa k\u00ednder en la Escuela Dellamira Rebeca Aguilar.<\/p>\n\n\n\n<p>Por su parte, el joven Jonathan Mu\u00f1iz Plana, alumno del 1\u00b0 a\u00f1o medio del Liceo Experimental cont\u00f3: \u201cPresent\u00e9 el libro&nbsp;<em>Animales Fant\u00e1sticos y D\u00f3nde Encontrarlos<\/em>&nbsp;de J.K. Rowling, la enciclopedia, a m\u00ed me encant\u00f3 esto de los Booktubers desde el a\u00f1o pasado, en donde en esa ocasi\u00f3n expuse&nbsp;<em>El Principito<\/em>&nbsp;pero no qued\u00e9, pero este a\u00f1o volv\u00ed a postular y me fue bien. Me gusta mucho esto de promocionar los libros donde te ense\u00f1an moralejas en la vida con los videos y as\u00ed los ni\u00f1os se pueden interesar m\u00e1s en la lectura\u201d.<\/p>\n\n\n\n<p>Cabe se\u00f1alar que esta iniciativa se enmarca en la celebraci\u00f3n de los 30 a\u00f1os de Bibliotecas Escolares (CRA), con el prop\u00f3sito de destacar la trayectoria del programa y de las Bibliotecas Escolares del pa\u00eds, en su labor de promover el acceso a los libros y fomentar la lectura durante toda la etapa escolar.<\/p>\n","protected":false},"excerpt":{"rendered":"<p>Este viernes, en el Sal\u00f3n Gabriela Mistral de la Secretar\u00eda Regional Ministerial de Educaci\u00f3n se realiz\u00f3 la ceremonia de reconocimiento de las y los estudiantes de la Regi\u00f3n de Magallanes&#8230; <a class=\"read-more\" href=\"https:\/\/www.radiopresidenteibanez.cl\/web\/secreduc-distinguio-a-ocho-estudiantes-que-participaron-en-booktubers-bibliotecas-cra-2024\/\">Leer m\u00e1s<\/a><\/p>\n","protected":false},"author":2,"featured_media":51438,"comment_status":"closed","ping_status":"closed","sticky":false,"template":"","format":"standard","meta":{"footnotes":""},"categories":[1],"tags":[],"class_list":["post-51437","post","type-post","status-publish","format-standard","has-post-thumbnail","hentry","category-cronica"],"_links":{"self":[{"href":"https:\/\/www.radiopresidenteibanez.cl\/web\/wp-json\/wp\/v2\/posts\/51437","targetHints":{"allow":["GET"]}}],"collection":[{"href":"https:\/\/www.radiopresidenteibanez.cl\/web\/wp-json\/wp\/v2\/posts"}],"about":[{"href":"https:\/\/www.radiopresidenteibanez.cl\/web\/wp-json\/wp\/v2\/types\/post"}],"author":[{"embeddable":true,"href":"https:\/\/www.radiopresidenteibanez.cl\/web\/wp-json\/wp\/v2\/users\/2"}],"replies":[{"embeddable":true,"href":"https:\/\/www.radiopresidenteibanez.cl\/web\/wp-json\/wp\/v2\/comments?post=51437"}],"version-history":[{"count":0,"href":"https:\/\/www.radiopresidenteibanez.cl\/web\/wp-json\/wp\/v2\/posts\/51437\/revisions"}],"wp:featuredmedia":[{"embeddable":true,"href":"https:\/\/www.radiopresidenteibanez.cl\/web\/wp-json\/wp\/v2\/media\/51438"}],"wp:attachment":[{"href":"https:\/\/www.radiopresidenteibanez.cl\/web\/wp-json\/wp\/v2\/media?parent=51437"}],"wp:term":[{"taxonomy":"category","embeddable":true,"href":"https:\/\/www.radiopresidenteibanez.cl\/web\/wp-json\/wp\/v2\/categories?post=51437"},{"taxonomy":"post_tag","embeddable":true,"href":"https:\/\/www.radiopresidenteibanez.cl\/web\/wp-json\/wp\/v2\/tags?post=51437"}],"curies":[{"name":"wp","href":"https:\/\/api.w.org\/{rel}","templated":true}]}}