{"id":5142,"date":"2019-06-18T19:11:52","date_gmt":"2019-06-18T19:11:52","guid":{"rendered":"http:\/\/www.radiopresidenteibanez.cl\/web\/?p=5142"},"modified":"2019-06-18T19:12:37","modified_gmt":"2019-06-18T19:12:37","slug":"aumenta-interes-por-siembra-de-praderas-suplementarias-en-ultima-esperanza","status":"publish","type":"post","link":"https:\/\/www.radiopresidenteibanez.cl\/web\/aumenta-interes-por-siembra-de-praderas-suplementarias-en-ultima-esperanza\/","title":{"rendered":"AUMENTA INTER\u00c9S POR SIEMBRA DE PRADERAS SUPLEMENTARIAS EN \u00daLTIMA ESPERANZA"},"content":{"rendered":"\n<p>Termin\u00f3 la inquietud para las ovejas de Jos\u00e9 Elgueta que podr\u00e1n contar con forraje de avena, algo dif\u00edcil de asegurar principalmente en los duros meses de invierno en Puerto Natales, peque\u00f1a localidad tur\u00edstica, antesala de las imponentes Torres del Paine.&nbsp;<\/p>\n\n\n\n<p>El subsidio de 361 mil 868 pesos permitir\u00e1 al ganadero sembrar poco m\u00e1s de media hect\u00e1rea, iniciativa posible gracias al Programa Praderas Suplementarias y Recursos Forrajeros (PPSRF) que hoy financia Indap y el Gobierno Regional de Magallanes.&nbsp;<\/p>\n\n\n\n<p>Hasta el mismo predio de Elgueta lleg\u00f3 a entregar la buena noticia la gobernadora de la provincia de \u00daltima Esperanza, Ana Mayorga, junto a Petar Bradasic, director regional de INDAP y la Jefa de \u00c1rea del mismo servicio en Puerto Natales, Clarina Helmer.<\/p>\n\n\n\n<p>\u201cNuestros ganaderos tienen hoy mayor conciencia del cuidado de los suelos y de la importancia de mejorar sus praderas y en eso es clave el apoyo de INDAP y el gobierno del Presidente Sebasti\u00e1n Pi\u00f1era\u201d, asegur\u00f3 Petar Bradasic, director regional de Indap.<\/p>\n\n\n\n<p>A su vez, explic\u00f3 que \u201cestas praderas presentan mejores especies bot\u00e1nicas, m\u00e1s productivas y se desarrollan en suelos de fertilidad media a alta, con mayor rendimiento y calidad nutritiva.&nbsp;&nbsp;De ah\u00ed que los esfuerzos se concentran en una producci\u00f3n animal m\u00e1s sana y limpia, el cuidado del medio ambiente, y el desarrollo de sistemas de producci\u00f3n animal no contaminantes\u201d.<\/p>\n\n\n\n<p>El Programa Praderas Suplementarias y recursos forrajeros (PPSRF) cofinancia los costos de insumos y servicios para el establecimiento de Praderas Suplementarias o recursos forrajeros de acuerdo a una tabla de costo que est\u00e1 bajo normativa de INDAP.<\/p>\n\n\n\n<p>En este caso, corresponde praderas suplementarias como avena o avena-ballica y el incentivo corresponde hasta un 80% del costo total neto, correspondiendo al usuario de INDAP financiar el costo restante de la inversi\u00f3n.<\/p>\n\n\n\n<p>En lo que va del a\u00f1o, en la provincia de \u00daltima Esperanza se han aprobaron y financiado 17 planes de manejos, sumando en total 16 hect\u00e1reas de praderas suplementarias por un monto total de 9 millones 220 mil 194 pesos, de los cuales 5 millones 398 mil 936 pesos corresponden a recursos de Indap y 3 millones 821 mil 258 pesos a fondos del Gobierno Regional.<\/p>\n\n\n\n<p>Para Clarina Helmer, Jefa de \u00c1rea de Puerto Natales, existen avances que son promisorios y buenos ejemplos\u00a0de\u00a0peque\u00f1os ganaderos que logran lo que pide el mercado hoy en d\u00eda haciendo un uso m\u00e1s racional e intensivo\u00a0de\u00a0sus\u00a0praderas.\u00a0 \u201cIndap busca darle una mayor atenci\u00f3n a la peque\u00f1a agricultura, en temas\u00a0de\u00a0nuevas tecnolog\u00edas, uso\u00a0del agua, y capacitaci\u00f3n\u201d, precis\u00f3.<\/p>\n\n\n\n<figure class=\"wp-block-image\"><img loading=\"lazy\" decoding=\"async\" width=\"1000\" height=\"707\" src=\"https:\/\/www.radiopresidenteibanez.cl\/web\/wp-content\/uploads\/2019\/06\/IMG_20190517_141537.jpg\" alt=\"\" class=\"wp-image-5143\" srcset=\"https:\/\/www.radiopresidenteibanez.cl\/web\/wp-content\/uploads\/2019\/06\/IMG_20190517_141537.jpg 1000w, https:\/\/www.radiopresidenteibanez.cl\/web\/wp-content\/uploads\/2019\/06\/IMG_20190517_141537-300x212.jpg 300w, https:\/\/www.radiopresidenteibanez.cl\/web\/wp-content\/uploads\/2019\/06\/IMG_20190517_141537-768x543.jpg 768w\" sizes=\"auto, (max-width: 1000px) 100vw, 1000px\" \/><figcaption>dav<\/figcaption><\/figure>\n","protected":false},"excerpt":{"rendered":"<p>Termin\u00f3 la inquietud para las ovejas de Jos\u00e9 Elgueta que podr\u00e1n contar con forraje de avena, algo dif\u00edcil de asegurar principalmente en los duros meses de invierno en Puerto Natales,&#8230; <a class=\"read-more\" href=\"https:\/\/www.radiopresidenteibanez.cl\/web\/aumenta-interes-por-siembra-de-praderas-suplementarias-en-ultima-esperanza\/\">Leer m\u00e1s<\/a><\/p>\n","protected":false},"author":2,"featured_media":5143,"comment_status":"closed","ping_status":"closed","sticky":false,"template":"","format":"standard","meta":{"footnotes":""},"categories":[1],"tags":[],"class_list":["post-5142","post","type-post","status-publish","format-standard","has-post-thumbnail","hentry","category-cronica"],"_links":{"self":[{"href":"https:\/\/www.radiopresidenteibanez.cl\/web\/wp-json\/wp\/v2\/posts\/5142","targetHints":{"allow":["GET"]}}],"collection":[{"href":"https:\/\/www.radiopresidenteibanez.cl\/web\/wp-json\/wp\/v2\/posts"}],"about":[{"href":"https:\/\/www.radiopresidenteibanez.cl\/web\/wp-json\/wp\/v2\/types\/post"}],"author":[{"embeddable":true,"href":"https:\/\/www.radiopresidenteibanez.cl\/web\/wp-json\/wp\/v2\/users\/2"}],"replies":[{"embeddable":true,"href":"https:\/\/www.radiopresidenteibanez.cl\/web\/wp-json\/wp\/v2\/comments?post=5142"}],"version-history":[{"count":0,"href":"https:\/\/www.radiopresidenteibanez.cl\/web\/wp-json\/wp\/v2\/posts\/5142\/revisions"}],"wp:featuredmedia":[{"embeddable":true,"href":"https:\/\/www.radiopresidenteibanez.cl\/web\/wp-json\/wp\/v2\/media\/5143"}],"wp:attachment":[{"href":"https:\/\/www.radiopresidenteibanez.cl\/web\/wp-json\/wp\/v2\/media?parent=5142"}],"wp:term":[{"taxonomy":"category","embeddable":true,"href":"https:\/\/www.radiopresidenteibanez.cl\/web\/wp-json\/wp\/v2\/categories?post=5142"},{"taxonomy":"post_tag","embeddable":true,"href":"https:\/\/www.radiopresidenteibanez.cl\/web\/wp-json\/wp\/v2\/tags?post=5142"}],"curies":[{"name":"wp","href":"https:\/\/api.w.org\/{rel}","templated":true}]}}