{"id":51395,"date":"2024-09-26T14:49:00","date_gmt":"2024-09-26T17:49:00","guid":{"rendered":"https:\/\/www.radiopresidenteibanez.cl\/web\/?p=51395"},"modified":"2024-09-26T11:09:38","modified_gmt":"2024-09-26T14:09:38","slug":"el-colmo","status":"publish","type":"post","link":"https:\/\/www.radiopresidenteibanez.cl\/web\/el-colmo\/","title":{"rendered":"EL COLMO"},"content":{"rendered":"\n<p>\u00a1A lo que hemos llegado en este pa\u00eds!<\/p>\n\n\n\n<p>Nosotros nos cre\u00edamos el pa\u00eds m\u00e1s limpio de Am\u00e9rica Latina y mir\u00e1bamos en menos a los pa\u00edses vecinos y la diferencia era que aqu\u00ed todo se tapaba y no se sab\u00eda nada.<\/p>\n\n\n\n<p>Ahora, gracias a que se conoci\u00f3 una grabaci\u00f3n del abogado Hermosilla, se est\u00e1n destapando ollas todos los d\u00edas. Y est\u00e1n cayendo los m\u00e1s variados ejemplares de la vida p\u00fablica nacional. Abogados y fiscales, empresarios y funcionarios p\u00fablicos, ex ministros y cuanto hay.<\/p>\n\n\n\n<p>Pero el colmo, o lo que parece ser el colmo hasta ahora, es que en el banquillo de los acusados est\u00e1n tres ministros de la Corte Suprema, nada menos.<\/p>\n\n\n\n<p>Tres jueces supremos acusados constitucionalmente.<\/p>\n\n\n\n<p>Menos mal, para la tranquilidad p\u00fablica, que con el sistema democr\u00e1tico de la separaci\u00f3n de los poderes, la C\u00e1mara de Diputados, uno de los pilares del sistema, tiene la atribuci\u00f3n de juzgar a los jueces.<\/p>\n\n\n\n<p>As\u00ed, el Congreso nacional, representado por la C\u00e1mara, est\u00e1 sacando la cara por la probidad y la anticorrupci\u00f3n.<\/p>\n\n\n\n<p>Qu\u00e9 bueno que los pol\u00edticos m\u00e1s probos, de conducta intachable, honestos y dignos por definici\u00f3n, como son nuestros parlamentarios, puedan empezar a limpiar la imagen de nuestro pa\u00eds.<\/p>\n","protected":false},"excerpt":{"rendered":"<p>\u00a1A lo que hemos llegado en este pa\u00eds! Nosotros nos cre\u00edamos el pa\u00eds m\u00e1s limpio de Am\u00e9rica Latina y mir\u00e1bamos en menos a los pa\u00edses vecinos y la diferencia era&#8230; <a class=\"read-more\" href=\"https:\/\/www.radiopresidenteibanez.cl\/web\/el-colmo\/\">Leer m\u00e1s<\/a><\/p>\n","protected":false},"author":2,"featured_media":51342,"comment_status":"closed","ping_status":"closed","sticky":false,"template":"","format":"standard","meta":{"footnotes":""},"categories":[1],"tags":[],"class_list":["post-51395","post","type-post","status-publish","format-standard","has-post-thumbnail","hentry","category-cronica"],"_links":{"self":[{"href":"https:\/\/www.radiopresidenteibanez.cl\/web\/wp-json\/wp\/v2\/posts\/51395","targetHints":{"allow":["GET"]}}],"collection":[{"href":"https:\/\/www.radiopresidenteibanez.cl\/web\/wp-json\/wp\/v2\/posts"}],"about":[{"href":"https:\/\/www.radiopresidenteibanez.cl\/web\/wp-json\/wp\/v2\/types\/post"}],"author":[{"embeddable":true,"href":"https:\/\/www.radiopresidenteibanez.cl\/web\/wp-json\/wp\/v2\/users\/2"}],"replies":[{"embeddable":true,"href":"https:\/\/www.radiopresidenteibanez.cl\/web\/wp-json\/wp\/v2\/comments?post=51395"}],"version-history":[{"count":0,"href":"https:\/\/www.radiopresidenteibanez.cl\/web\/wp-json\/wp\/v2\/posts\/51395\/revisions"}],"wp:featuredmedia":[{"embeddable":true,"href":"https:\/\/www.radiopresidenteibanez.cl\/web\/wp-json\/wp\/v2\/media\/51342"}],"wp:attachment":[{"href":"https:\/\/www.radiopresidenteibanez.cl\/web\/wp-json\/wp\/v2\/media?parent=51395"}],"wp:term":[{"taxonomy":"category","embeddable":true,"href":"https:\/\/www.radiopresidenteibanez.cl\/web\/wp-json\/wp\/v2\/categories?post=51395"},{"taxonomy":"post_tag","embeddable":true,"href":"https:\/\/www.radiopresidenteibanez.cl\/web\/wp-json\/wp\/v2\/tags?post=51395"}],"curies":[{"name":"wp","href":"https:\/\/api.w.org\/{rel}","templated":true}]}}