{"id":51368,"date":"2024-09-25T17:53:00","date_gmt":"2024-09-25T20:53:00","guid":{"rendered":"https:\/\/www.radiopresidenteibanez.cl\/web\/?p=51368"},"modified":"2024-09-25T11:40:14","modified_gmt":"2024-09-25T14:40:14","slug":"este-jueves-se-realizara-congreso-de-autismo-organizado-por-el-ministerio-de-educacion","status":"publish","type":"post","link":"https:\/\/www.radiopresidenteibanez.cl\/web\/este-jueves-se-realizara-congreso-de-autismo-organizado-por-el-ministerio-de-educacion\/","title":{"rendered":"Este jueves se realizar\u00e1 Congreso de Autismo organizado por el Ministerio de Educaci\u00f3n"},"content":{"rendered":"\n<p>Este jueves, a las 08:30 horas, se desarrollar\u00e1 en el Instituto Sagrada Familia (Insafa) el Congreso de Autismo: \u201cAbordaje Integral desde la Inclusi\u00f3n Socio Educativa a la Calidad de Vida\u201d, organizado por la Secretar\u00eda Regional Ministerial de Educaci\u00f3n y el Departamento Provincial de Educaci\u00f3n, con el apoyo de la Secretar\u00eda Regional Ministerial de Salud y el Servicio de Salud.<\/p>\n\n\n\n<p>Cabe destacar que esta actividad, gratuita y abierta al p\u00fablico, cuenta con la activa participaci\u00f3n de Agrupaciones de Padres, Madres y Cuidadores\/as de Personas en Condici\u00f3n de Autismo, la Universidad de Magallanes, la Pontificia Universidad Cat\u00f3lica de Valpara\u00edso y la Universidad de Chile, en el marco de la implementaci\u00f3n y desaf\u00edos de la Ley de Autismo N\u00b021.545 que establece la promoci\u00f3n de la inclusi\u00f3n, la atenci\u00f3n integral y la protecci\u00f3n de los derechos de las personas con trastorno del espectro autista en el \u00e1mbito social, de salud y educaci\u00f3n.<\/p>\n\n\n\n<p>Durante el Congreso se desarrollar\u00e1n \u201cConversaciones en Primera Persona\u201d con la participaci\u00f3n de Tamara Cifuentes Mu\u00f1oz, madre y cuidadora de dos estudiantes autistas; Daniela Venegas Araya, quien gan\u00f3 el premio internacional \u201cHer Global Impact Challenge\u201d por promocionar la inclusi\u00f3n de personas neurodivergentes; y Kadlen Hern\u00e1ndez y Alberto Cisternas de la Seremi de Salud.<\/p>\n\n\n\n<p>Adem\u00e1s, presentar\u00e1n ponencias en este encuentro los especialistas nacionales y regionales: Ver\u00f3nica L\u00f3pez Leiva, doctora en Psicolog\u00eda y directora del Centro de Investigaci\u00f3n para la Educaci\u00f3n Inclusiva; Sebasti\u00e1n Zenteno Osorio, doctorando en Psicolog\u00eda de la Universidad de Chile; Mar\u00eda Paz Santib\u00e1\u00f1ez Freire, acad\u00e9mica de la Universidad de Magallanes con un m\u00e1ster en Trastorno del Espectro Autista; y M\u00f3nica Esp\u00edndola Cabrera, fonoaudi\u00f3loga y acad\u00e9mica de la Universidad de Magallanes en el \u00e1rea de comunicaci\u00f3n infanto juvenil en el contexto educativo.<\/p>\n\n\n\n<p>Las y los interesados que no puedan asistir presencialmente podr\u00e1n seguir la transmisi\u00f3n en vivo a trav\u00e9s de este link:&nbsp;<a href=\"https:\/\/meet.google.com\/nwd-pnzd-yee\" target=\"_blank\" rel=\"noreferrer noopener\">https:\/\/meet.google.com\/nwd-pnzd-yee<\/a>&nbsp; .<\/p>\n","protected":false},"excerpt":{"rendered":"<p>Este jueves, a las 08:30 horas, se desarrollar\u00e1 en el Instituto Sagrada Familia (Insafa) el Congreso de Autismo: \u201cAbordaje Integral desde la Inclusi\u00f3n Socio Educativa a la Calidad de Vida\u201d,&#8230; <a class=\"read-more\" href=\"https:\/\/www.radiopresidenteibanez.cl\/web\/este-jueves-se-realizara-congreso-de-autismo-organizado-por-el-ministerio-de-educacion\/\">Leer m\u00e1s<\/a><\/p>\n","protected":false},"author":2,"featured_media":51369,"comment_status":"closed","ping_status":"closed","sticky":false,"template":"","format":"standard","meta":{"footnotes":""},"categories":[1],"tags":[],"class_list":["post-51368","post","type-post","status-publish","format-standard","has-post-thumbnail","hentry","category-cronica"],"_links":{"self":[{"href":"https:\/\/www.radiopresidenteibanez.cl\/web\/wp-json\/wp\/v2\/posts\/51368","targetHints":{"allow":["GET"]}}],"collection":[{"href":"https:\/\/www.radiopresidenteibanez.cl\/web\/wp-json\/wp\/v2\/posts"}],"about":[{"href":"https:\/\/www.radiopresidenteibanez.cl\/web\/wp-json\/wp\/v2\/types\/post"}],"author":[{"embeddable":true,"href":"https:\/\/www.radiopresidenteibanez.cl\/web\/wp-json\/wp\/v2\/users\/2"}],"replies":[{"embeddable":true,"href":"https:\/\/www.radiopresidenteibanez.cl\/web\/wp-json\/wp\/v2\/comments?post=51368"}],"version-history":[{"count":0,"href":"https:\/\/www.radiopresidenteibanez.cl\/web\/wp-json\/wp\/v2\/posts\/51368\/revisions"}],"wp:featuredmedia":[{"embeddable":true,"href":"https:\/\/www.radiopresidenteibanez.cl\/web\/wp-json\/wp\/v2\/media\/51369"}],"wp:attachment":[{"href":"https:\/\/www.radiopresidenteibanez.cl\/web\/wp-json\/wp\/v2\/media?parent=51368"}],"wp:term":[{"taxonomy":"category","embeddable":true,"href":"https:\/\/www.radiopresidenteibanez.cl\/web\/wp-json\/wp\/v2\/categories?post=51368"},{"taxonomy":"post_tag","embeddable":true,"href":"https:\/\/www.radiopresidenteibanez.cl\/web\/wp-json\/wp\/v2\/tags?post=51368"}],"curies":[{"name":"wp","href":"https:\/\/api.w.org\/{rel}","templated":true}]}}