{"id":51341,"date":"2024-09-24T14:38:03","date_gmt":"2024-09-24T17:38:03","guid":{"rendered":"https:\/\/www.radiopresidenteibanez.cl\/web\/?p=51341"},"modified":"2024-09-24T14:38:09","modified_gmt":"2024-09-24T17:38:09","slug":"celebrando-la-junta","status":"publish","type":"post","link":"https:\/\/www.radiopresidenteibanez.cl\/web\/celebrando-la-junta\/","title":{"rendered":"CELEBRANDO LA JUNTA"},"content":{"rendered":"\n<p><br>Aunque muchos mal informados dicen que hemos estado celebrando la independencia de Chile, la verdad es que lo que celebramos es la primera junta de gobierno, que el 18 de septiembre de 1810 reuni\u00f3 en Santiago a varios ilustres caballeros espa\u00f1oles y criollos.<\/p>\n\n\n\n<p>Como bien se\u00f1ala el historiador Vicu\u00f1a Mackenna, \u201cla asamblea del 18 de septiembre no tuvo el significado hist\u00f3rico de cuna de la independencia que a posteriori se le ha dado. La gran mayor\u00eda de los juntistas solo deseaba un gobierno propio, de car\u00e1cter provisional, mientras durase el cautiverio del rey\u201d. El monarca espa\u00f1ol hab\u00eda sido encarcelado por Napole\u00f3n.<\/p>\n\n\n\n<p>La independencia de Chile en realidad se proclam\u00f3 en 1818.<\/p>\n\n\n\n<p>Desde la de septiembre de 1810, Chile ha tenido unas diez juntas de gobierno, la mayor\u00eda formada por militares y todas de muy corta duraci\u00f3n, con excepci\u00f3n de la de 1973, que se mantuvo hasta 1990, a sangre y fuego.<\/p>\n\n\n\n<p>Si uno lee la historia, no se entiende tanta celebraci\u00f3n de una junta. Despu\u00e9s de esa primera, ninguna de las que se formaron merecen celebraci\u00f3n.<\/p>\n\n\n\n<p>No faltar\u00e1 el chusco que diga que esta obsesi\u00f3n chilena por celebrar una junta de gobierno tiene algo de masoquismo.<\/p>\n\n\n\n<p>La verdad, la gran fiesta la deber\u00edamos hacer el 12 de Febrero, recordando que en esa fecha se proclam\u00f3 y jur\u00f3 la independencia en la ciudad de Talca.<\/p>\n\n\n\n<p>Pero en febrero, casi todo el mundo en Chile est\u00e1 de vacaciones, as\u00ed es que sigamos celebrando el 18 de septiembre.<\/p>\n","protected":false},"excerpt":{"rendered":"<p>Aunque muchos mal informados dicen que hemos estado celebrando la independencia de Chile, la verdad es que lo que celebramos es la primera junta de gobierno, que el 18 de&#8230; <a class=\"read-more\" href=\"https:\/\/www.radiopresidenteibanez.cl\/web\/celebrando-la-junta\/\">Leer m\u00e1s<\/a><\/p>\n","protected":false},"author":2,"featured_media":51342,"comment_status":"closed","ping_status":"closed","sticky":false,"template":"","format":"standard","meta":{"footnotes":""},"categories":[1],"tags":[],"class_list":["post-51341","post","type-post","status-publish","format-standard","has-post-thumbnail","hentry","category-cronica"],"_links":{"self":[{"href":"https:\/\/www.radiopresidenteibanez.cl\/web\/wp-json\/wp\/v2\/posts\/51341","targetHints":{"allow":["GET"]}}],"collection":[{"href":"https:\/\/www.radiopresidenteibanez.cl\/web\/wp-json\/wp\/v2\/posts"}],"about":[{"href":"https:\/\/www.radiopresidenteibanez.cl\/web\/wp-json\/wp\/v2\/types\/post"}],"author":[{"embeddable":true,"href":"https:\/\/www.radiopresidenteibanez.cl\/web\/wp-json\/wp\/v2\/users\/2"}],"replies":[{"embeddable":true,"href":"https:\/\/www.radiopresidenteibanez.cl\/web\/wp-json\/wp\/v2\/comments?post=51341"}],"version-history":[{"count":0,"href":"https:\/\/www.radiopresidenteibanez.cl\/web\/wp-json\/wp\/v2\/posts\/51341\/revisions"}],"wp:featuredmedia":[{"embeddable":true,"href":"https:\/\/www.radiopresidenteibanez.cl\/web\/wp-json\/wp\/v2\/media\/51342"}],"wp:attachment":[{"href":"https:\/\/www.radiopresidenteibanez.cl\/web\/wp-json\/wp\/v2\/media?parent=51341"}],"wp:term":[{"taxonomy":"category","embeddable":true,"href":"https:\/\/www.radiopresidenteibanez.cl\/web\/wp-json\/wp\/v2\/categories?post=51341"},{"taxonomy":"post_tag","embeddable":true,"href":"https:\/\/www.radiopresidenteibanez.cl\/web\/wp-json\/wp\/v2\/tags?post=51341"}],"curies":[{"name":"wp","href":"https:\/\/api.w.org\/{rel}","templated":true}]}}