{"id":51338,"date":"2024-09-24T13:54:00","date_gmt":"2024-09-24T16:54:00","guid":{"rendered":"https:\/\/www.radiopresidenteibanez.cl\/web\/?p=51338"},"modified":"2024-09-24T11:58:26","modified_gmt":"2024-09-24T14:58:26","slug":"arte-como-puente-para-comprender-la-ciencia-antartica-sera-tema-a-tratar-en-charla-del-ciclo-ciencia-y-chocolate","status":"publish","type":"post","link":"https:\/\/www.radiopresidenteibanez.cl\/web\/arte-como-puente-para-comprender-la-ciencia-antartica-sera-tema-a-tratar-en-charla-del-ciclo-ciencia-y-chocolate\/","title":{"rendered":"ARTE COMO PUENTE PARA COMPRENDER LA CIENCIA ANTARTICA SERA TEMA A TRATAR EN CHARLA DEL CICLO \u00abCIENCIA Y CHOCOLATE\u00bb"},"content":{"rendered":"\n<p>Este mi\u00e9rcoles 25, regresa el ciclo de conferencias \u00abCiencia y Chocolate\u00bb organizado por el Instituto Ant\u00e1rtico Chileno (INACH) con la charla <strong>\u00abCreatividad en torno a Ant\u00e1rtica: oportunidades y desaf\u00edos\u00bb<\/strong>. En esta oportunidad, Pablo Ruiz Teneb, dise\u00f1ador gr\u00e1fico y profesional del Departamento de Comunicaciones y Educaci\u00f3n del INACH, explorar\u00e1 c\u00f3mo la creatividad y la expresi\u00f3n art\u00edstica pueden enriquecer la comunicaci\u00f3n de los hallazgos cient\u00edficos.&nbsp;<\/p>\n\n\n\n<p>La charla no solo abordar\u00e1 que el arte transforma la percepci\u00f3n de la ciencia, sino que tambi\u00e9n crea un puente hacia una mejor comprensi\u00f3n de los desaf\u00edos que enfrenta la regi\u00f3n polar. Este enfoque busca inspirar a la comunidad magall\u00e1nica a interpretar la investigaci\u00f3n no solo como un proceso cient\u00edfico, sino como una narrativa rica en matices y conexiones humanas.<\/p>\n\n\n\n<p>\u201cMagallanes tiene una oportunidad \u00fanica de trabajar en torno a un continente que ya no es concebido como \u201caislado\u201d sino que est\u00e1 muy conectado con el resto del planeta, y cualquier acci\u00f3n relacionada con este territorio tiene repercusiones a nivel mundial y desde este lugar del mundo podemos generar un eco significativo\u201d, afirma Ruiz. Adem\u00e1s, invita a la comunidad a asistir a su charla que se realizar\u00e1 este mi\u00e9rcoles 25 a las 18:30 horas en el edificio del INACH, ubicado en Plaza Mu\u00f1oz Gamero 1055, Punta Arenas.<\/p>\n\n\n\n<p>Pablo Ruiz trabaja en tem\u00e1ticas ant\u00e1rticas desde hace m\u00e1s de quince a\u00f1os. En este per\u00edodo, ha estado a cargo del dise\u00f1o de importantes publicaciones como el Bolet\u00edn Ant\u00e1rtico Chileno, la serie de libros Ant\u00e1rtica en Cifras, la Peque\u00f1a Enciclopedia Ant\u00e1rtica, Huellas Ant\u00e1rticas en Punta Arenas y el estrecho de Magallanes, Las hojas de Guido, entre otras a lo largo de los a\u00f1os. Tambi\u00e9n ha desarrollado numerosos proyectos personales, destac\u00e1ndose por su habilidad para combinar el arte y la ciencia en sus trabajos, haciendo accesible el conocimiento sobre la Ant\u00e1rtica a distintos p\u00fablicos desde la primera infancia hasta adultos.&nbsp;<\/p>\n\n\n\n<p>El ciclo de conferencias <strong>\u00abCiencia y Chocolate\u00bb <\/strong>es una iniciativa mensual que busca acercar la ciencia ant\u00e1rtica a la comunidad magall\u00e1nica. Adem\u00e1s de las presentaciones de investigadoras e investigadores del INACH, este evento ofrece la oportunidad de conocer el trabajo de otras instituciones asociadas al Programa Nacional de Ciencia Ant\u00e1rtica (Procien). En un ambiente ameno, las y los asistentes disfrutar\u00e1n de una taza de chocolate caliente mientras aprenden sobre los descubrimientos recientes en la regi\u00f3n polar.<\/p>\n\n\n\n<p>El INACH es un organismo t\u00e9cnico del Ministerio de Relaciones Exteriores con plena autonom\u00eda en todo lo relacionado con asuntos ant\u00e1rticos de car\u00e1cter cient\u00edfico, tecnol\u00f3gico y de difusi\u00f3n. El INACH cumple con la Pol\u00edtica Ant\u00e1rtica Nacional incentivando el desarrollo de la investigaci\u00f3n de excelencia, participando efectivamente en el Sistema del Tratado Ant\u00e1rtico y foros relacionados, fortaleciendo a Magallanes como puerta de entrada al Continente Blanco y realizando acciones de divulgaci\u00f3n del conocimiento ant\u00e1rtico en la ciudadan\u00eda.<\/p>\n","protected":false},"excerpt":{"rendered":"<p>Este mi\u00e9rcoles 25, regresa el ciclo de conferencias \u00abCiencia y Chocolate\u00bb organizado por el Instituto Ant\u00e1rtico Chileno (INACH) con la charla \u00abCreatividad en torno a Ant\u00e1rtica: oportunidades y desaf\u00edos\u00bb. En&#8230; <a class=\"read-more\" href=\"https:\/\/www.radiopresidenteibanez.cl\/web\/arte-como-puente-para-comprender-la-ciencia-antartica-sera-tema-a-tratar-en-charla-del-ciclo-ciencia-y-chocolate\/\">Leer m\u00e1s<\/a><\/p>\n","protected":false},"author":2,"featured_media":51339,"comment_status":"closed","ping_status":"closed","sticky":false,"template":"","format":"standard","meta":{"footnotes":""},"categories":[1],"tags":[],"class_list":["post-51338","post","type-post","status-publish","format-standard","has-post-thumbnail","hentry","category-cronica"],"_links":{"self":[{"href":"https:\/\/www.radiopresidenteibanez.cl\/web\/wp-json\/wp\/v2\/posts\/51338","targetHints":{"allow":["GET"]}}],"collection":[{"href":"https:\/\/www.radiopresidenteibanez.cl\/web\/wp-json\/wp\/v2\/posts"}],"about":[{"href":"https:\/\/www.radiopresidenteibanez.cl\/web\/wp-json\/wp\/v2\/types\/post"}],"author":[{"embeddable":true,"href":"https:\/\/www.radiopresidenteibanez.cl\/web\/wp-json\/wp\/v2\/users\/2"}],"replies":[{"embeddable":true,"href":"https:\/\/www.radiopresidenteibanez.cl\/web\/wp-json\/wp\/v2\/comments?post=51338"}],"version-history":[{"count":0,"href":"https:\/\/www.radiopresidenteibanez.cl\/web\/wp-json\/wp\/v2\/posts\/51338\/revisions"}],"wp:featuredmedia":[{"embeddable":true,"href":"https:\/\/www.radiopresidenteibanez.cl\/web\/wp-json\/wp\/v2\/media\/51339"}],"wp:attachment":[{"href":"https:\/\/www.radiopresidenteibanez.cl\/web\/wp-json\/wp\/v2\/media?parent=51338"}],"wp:term":[{"taxonomy":"category","embeddable":true,"href":"https:\/\/www.radiopresidenteibanez.cl\/web\/wp-json\/wp\/v2\/categories?post=51338"},{"taxonomy":"post_tag","embeddable":true,"href":"https:\/\/www.radiopresidenteibanez.cl\/web\/wp-json\/wp\/v2\/tags?post=51338"}],"curies":[{"name":"wp","href":"https:\/\/api.w.org\/{rel}","templated":true}]}}