{"id":5132,"date":"2019-06-18T14:44:26","date_gmt":"2019-06-18T14:44:26","guid":{"rendered":"http:\/\/www.radiopresidenteibanez.cl\/web\/?p=5132"},"modified":"2019-06-18T14:45:05","modified_gmt":"2019-06-18T14:45:05","slug":"un-teatro-municipal-lleno-recibio-el-humor-de-los-eguiguren","status":"publish","type":"post","link":"https:\/\/www.radiopresidenteibanez.cl\/web\/un-teatro-municipal-lleno-recibio-el-humor-de-los-eguiguren\/","title":{"rendered":"UN TEATRO MUNICIPAL LLENO RECIBI\u00d3 EL HUMOR DE \u201cLOS EGUIGUREN\u201d"},"content":{"rendered":"\n<p>Risas y recuerdos de los a\u00f1os \u201980 trajeron hasta Punta\nArenas \u201cLos Eguiguren\u201d, obra de teatro protagonizada por Coca Guazzini, Malucha\nPinto, Gonzalo Robles y Cristi\u00e1n Garc\u00eda Huidobro, que fueron acompa\u00f1ados por\nlos puntarenenses en un teatro municipal lleno. <\/p>\n\n\n\n<p>\u201cEstamos muy contentos, ayer cuando llegamos, de saber que\nestaba lleno, porque aunque pasen los a\u00f1os, nosotros seguimos igual, con la\nexpectativa de que la gente se interese por nosotros. Es muy bonito, as\u00ed como\nnosotros nos interesamos por la gente\u201d, afirm\u00f3 Cristi\u00e1n Garc\u00eda Huidobro (El\nPompi). <\/p>\n\n\n\n<p>Los Eguiguren contaron a los asistentes la situaci\u00f3n\necon\u00f3mica actual a la que llegaron despu\u00e9s de 30 a\u00f1os de estar fuera de pantalla,\nperiodo durante el cual la \u201cSe\u00f1orita Priscilla\u201d (Malucha Pinto) y \u201cCaroca\u201d\n(Gonzalo Robles), lograron superarse llegando a ser due\u00f1os de una universidad\n\u2018con fines de lucro\u2019, mientras que \u201cP\u00eda Correa\u201d (Coca Guazzini) y \u201cEl Pompi\u201d\n(Garc\u00eda Huidobro), estaban a punto de quedar en la quiebra. <\/p>\n\n\n\n<p>\u201cHay algunas cosas que contin\u00faan igual, porque estos\npersonajes, los arquetipos que ellos representan, siguen en Chile. Esta cosa\naspiracional, arribista, de querer ser lo que no somos, y hacer como que s\u00ed, de\ndemostrar que tenemos tanto y a veces no tenemos nada. El arquetipo de los\ngozadores, que son Caroca y Priscilla, que tambi\u00e9n privilegian el erotismo, el\ncari\u00f1o, la diversi\u00f3n, el comer rico, esos arquetipos igual est\u00e1n\u201d, indic\u00f3\nMalucha Pinto. <\/p>\n\n\n\n<p>Quinteto de Cuerdas<\/p>\n\n\n\n<p>El montaje fue parte de la Cartelera Cultural creada desde\nla Direcci\u00f3n de Desarrollo Comunitario de la Municipalidad de Punta Arenas, que\ncontinuar\u00e1 el jueves (27 de junio), a las 19 horas, en el Teatro Municipal\n\u201cJos\u00e9 Bohr\u201d, cuando se realizar\u00e1 la presentaci\u00f3n del Quinteto de Cuerdas de la\nSinf\u00f3nica de C\u00e1mara de Viena \u201cWiener Kammersymphonie\u201d. <\/p>\n\n\n\n<p>Este afamado conjunto proveniente de la capital de Austria,\nofrecer\u00e1 diversas piezas de lo mejor de la m\u00fasica cl\u00e1sica, en el marco de una\ngira mundial que, en Chile, ha contemplado presentaciones en Antofagasta,\nValpara\u00edso y Santiago. <\/p>\n\n\n\n<p>La filosof\u00eda del quinteto de C\u00e1mara es conjugar al m\u00e1ximo nivel la alegr\u00eda de hacer m\u00fasica, con la v\u00eda de la \u201cinnovaci\u00f3n y la tradici\u00f3n\u201d, y cuenta con instrumentistas de primer nivel provenientes de Viena, unidos con el objetivo de aunar sus experiencias art\u00edsticas individuales en un proyecto \u00fanico.<\/p>\n\n\n\n<figure class=\"wp-block-image\"><img loading=\"lazy\" decoding=\"async\" width=\"900\" height=\"600\" src=\"https:\/\/www.radiopresidenteibanez.cl\/web\/wp-content\/uploads\/2019\/06\/IMG_7458.jpg\" alt=\"\" class=\"wp-image-5133\" srcset=\"https:\/\/www.radiopresidenteibanez.cl\/web\/wp-content\/uploads\/2019\/06\/IMG_7458.jpg 900w, https:\/\/www.radiopresidenteibanez.cl\/web\/wp-content\/uploads\/2019\/06\/IMG_7458-300x200.jpg 300w, https:\/\/www.radiopresidenteibanez.cl\/web\/wp-content\/uploads\/2019\/06\/IMG_7458-768x512.jpg 768w\" sizes=\"auto, (max-width: 900px) 100vw, 900px\" \/><\/figure>\n","protected":false},"excerpt":{"rendered":"<p>Risas y recuerdos de los a\u00f1os \u201980 trajeron hasta Punta Arenas \u201cLos Eguiguren\u201d, obra de teatro protagonizada por Coca Guazzini, Malucha Pinto, Gonzalo Robles y Cristi\u00e1n Garc\u00eda Huidobro, que fueron&#8230; <a class=\"read-more\" href=\"https:\/\/www.radiopresidenteibanez.cl\/web\/un-teatro-municipal-lleno-recibio-el-humor-de-los-eguiguren\/\">Leer m\u00e1s<\/a><\/p>\n","protected":false},"author":2,"featured_media":5133,"comment_status":"closed","ping_status":"closed","sticky":false,"template":"","format":"standard","meta":{"footnotes":""},"categories":[1],"tags":[],"class_list":["post-5132","post","type-post","status-publish","format-standard","has-post-thumbnail","hentry","category-cronica"],"_links":{"self":[{"href":"https:\/\/www.radiopresidenteibanez.cl\/web\/wp-json\/wp\/v2\/posts\/5132","targetHints":{"allow":["GET"]}}],"collection":[{"href":"https:\/\/www.radiopresidenteibanez.cl\/web\/wp-json\/wp\/v2\/posts"}],"about":[{"href":"https:\/\/www.radiopresidenteibanez.cl\/web\/wp-json\/wp\/v2\/types\/post"}],"author":[{"embeddable":true,"href":"https:\/\/www.radiopresidenteibanez.cl\/web\/wp-json\/wp\/v2\/users\/2"}],"replies":[{"embeddable":true,"href":"https:\/\/www.radiopresidenteibanez.cl\/web\/wp-json\/wp\/v2\/comments?post=5132"}],"version-history":[{"count":0,"href":"https:\/\/www.radiopresidenteibanez.cl\/web\/wp-json\/wp\/v2\/posts\/5132\/revisions"}],"wp:featuredmedia":[{"embeddable":true,"href":"https:\/\/www.radiopresidenteibanez.cl\/web\/wp-json\/wp\/v2\/media\/5133"}],"wp:attachment":[{"href":"https:\/\/www.radiopresidenteibanez.cl\/web\/wp-json\/wp\/v2\/media?parent=5132"}],"wp:term":[{"taxonomy":"category","embeddable":true,"href":"https:\/\/www.radiopresidenteibanez.cl\/web\/wp-json\/wp\/v2\/categories?post=5132"},{"taxonomy":"post_tag","embeddable":true,"href":"https:\/\/www.radiopresidenteibanez.cl\/web\/wp-json\/wp\/v2\/tags?post=5132"}],"curies":[{"name":"wp","href":"https:\/\/api.w.org\/{rel}","templated":true}]}}