{"id":5129,"date":"2019-06-18T14:39:43","date_gmt":"2019-06-18T14:39:43","guid":{"rendered":"http:\/\/www.radiopresidenteibanez.cl\/web\/?p=5129"},"modified":"2019-06-18T14:40:27","modified_gmt":"2019-06-18T14:40:27","slug":"la-masoneria-acoge-llamado-a-acuerdo-nacional-para-mejorar-la-calidad-de-la-politica-y-de-las-instituciones","status":"publish","type":"post","link":"https:\/\/www.radiopresidenteibanez.cl\/web\/la-masoneria-acoge-llamado-a-acuerdo-nacional-para-mejorar-la-calidad-de-la-politica-y-de-las-instituciones\/","title":{"rendered":"LA MASONER\u00cdA ACOGE LLAMADO A ACUERDO NACIONAL PARA MEJORAR LA CALIDAD DE LA POL\u00cdTICA Y DE LAS INSTITUCIONES"},"content":{"rendered":"\n<p>\n\nLa preocupaci\u00f3n nacional por mejorar nuestras instituciones, es tambi\u00e9n motivo de nuestros desvelos. Para ello, nos esforzamos incansablemente por ser un espacio donde los esp\u00edritus que trabajan por el engrandecimiento de nuestra Patria tengan un lugar de tolerancia, entendimiento y fraternidad, para lograr hacer de Chile una naci\u00f3n m\u00e1s pr\u00f3spera, m\u00e1s justa y mejor para todos.<br>Por todo lo anterior, el Consejo de la Gran Logia de Chile, en su reuni\u00f3n del 14 de junio, luego de considerar el llamado del Presidente de la Rep\u00fablica, a un acuerdo nacional y transversal para mejorar y fortalecer la calidad de nuestra pol\u00edtica y de nuestras instituciones republicanas, comparte la necesidad de hacer los m\u00e1ximos esfuerzos con el prop\u00f3sito de fortalecer y renovar las confianzas de la ciudadan\u00eda en ellas, lo que es fundamental para la buena marcha de nuestra Rep\u00fablica.<br>Es deber de todos, cautelar y engrandecer lo que, con tanto sacrificio, forjaron quienes nos antecedieron a trav\u00e9s de generaciones.<br>Invitamos a todos los chilenos, a trabajar patri\u00f3ticamente por estos nobles objetivos, para fortalecer el funcionamiento de la pol\u00edtica y de las instituciones, con \u00e9nfasis en la \u00e9tica, la probidad y la transparencia, para alcanzar la necesaria legitimidad frente a los ciudadanos.<\/p>\n\n\n\n<p>La Masoner\u00eda est\u00e1, hoy como siempre, a disposici\u00f3n de estos nobles prop\u00f3sitos. Los masones somos constructores de espacios de convergencia que facilitan el consenso y el di\u00e1logo bajo principios de prudencia para el logro de la necesaria paz social, sin prejuicios ideol\u00f3gicos ni pol\u00edticos. Por ello, no dudaremos en trabajar con fuerza y vigor en todo lo que signifique fortalecer la voluntad para un di\u00e1logo generoso y fraterno en beneficio del pa\u00eds. <\/p>\n\n\n\n<figure class=\"wp-block-image\"><img loading=\"lazy\" decoding=\"async\" width=\"900\" height=\"600\" src=\"https:\/\/www.radiopresidenteibanez.cl\/web\/wp-content\/uploads\/2019\/06\/Gran_Templo_RRSS.jpg\" alt=\"\" class=\"wp-image-5130\" srcset=\"https:\/\/www.radiopresidenteibanez.cl\/web\/wp-content\/uploads\/2019\/06\/Gran_Templo_RRSS.jpg 900w, https:\/\/www.radiopresidenteibanez.cl\/web\/wp-content\/uploads\/2019\/06\/Gran_Templo_RRSS-300x200.jpg 300w, https:\/\/www.radiopresidenteibanez.cl\/web\/wp-content\/uploads\/2019\/06\/Gran_Templo_RRSS-768x512.jpg 768w\" sizes=\"auto, (max-width: 900px) 100vw, 900px\" \/><\/figure>\n","protected":false},"excerpt":{"rendered":"<p>La preocupaci\u00f3n nacional por mejorar nuestras instituciones, es tambi\u00e9n motivo de nuestros desvelos. Para ello, nos esforzamos incansablemente por ser un espacio donde los esp\u00edritus que trabajan por el engrandecimiento&#8230; <a class=\"read-more\" href=\"https:\/\/www.radiopresidenteibanez.cl\/web\/la-masoneria-acoge-llamado-a-acuerdo-nacional-para-mejorar-la-calidad-de-la-politica-y-de-las-instituciones\/\">Leer m\u00e1s<\/a><\/p>\n","protected":false},"author":2,"featured_media":5130,"comment_status":"closed","ping_status":"closed","sticky":false,"template":"","format":"standard","meta":{"footnotes":""},"categories":[1],"tags":[],"class_list":["post-5129","post","type-post","status-publish","format-standard","has-post-thumbnail","hentry","category-cronica"],"_links":{"self":[{"href":"https:\/\/www.radiopresidenteibanez.cl\/web\/wp-json\/wp\/v2\/posts\/5129","targetHints":{"allow":["GET"]}}],"collection":[{"href":"https:\/\/www.radiopresidenteibanez.cl\/web\/wp-json\/wp\/v2\/posts"}],"about":[{"href":"https:\/\/www.radiopresidenteibanez.cl\/web\/wp-json\/wp\/v2\/types\/post"}],"author":[{"embeddable":true,"href":"https:\/\/www.radiopresidenteibanez.cl\/web\/wp-json\/wp\/v2\/users\/2"}],"replies":[{"embeddable":true,"href":"https:\/\/www.radiopresidenteibanez.cl\/web\/wp-json\/wp\/v2\/comments?post=5129"}],"version-history":[{"count":0,"href":"https:\/\/www.radiopresidenteibanez.cl\/web\/wp-json\/wp\/v2\/posts\/5129\/revisions"}],"wp:featuredmedia":[{"embeddable":true,"href":"https:\/\/www.radiopresidenteibanez.cl\/web\/wp-json\/wp\/v2\/media\/5130"}],"wp:attachment":[{"href":"https:\/\/www.radiopresidenteibanez.cl\/web\/wp-json\/wp\/v2\/media?parent=5129"}],"wp:term":[{"taxonomy":"category","embeddable":true,"href":"https:\/\/www.radiopresidenteibanez.cl\/web\/wp-json\/wp\/v2\/categories?post=5129"},{"taxonomy":"post_tag","embeddable":true,"href":"https:\/\/www.radiopresidenteibanez.cl\/web\/wp-json\/wp\/v2\/tags?post=5129"}],"curies":[{"name":"wp","href":"https:\/\/api.w.org\/{rel}","templated":true}]}}