{"id":5127,"date":"2019-06-18T14:31:54","date_gmt":"2019-06-18T14:31:54","guid":{"rendered":"http:\/\/www.radiopresidenteibanez.cl\/web\/?p=5127"},"modified":"2019-06-18T14:32:09","modified_gmt":"2019-06-18T14:32:09","slug":"comunicado-prensa-de-anatravial-mop","status":"publish","type":"post","link":"https:\/\/www.radiopresidenteibanez.cl\/web\/comunicado-prensa-de-anatravial-mop\/","title":{"rendered":"COMUNICADO PRENSA DE ANATRAVIAL MOP"},"content":{"rendered":"\n<p>Como Asociaci\u00f3n de Trabajadores de\nVialidad (ANATRAVIAL MOP) Nos sumamos a las muestras de dolor y pesar ante tan\ntr\u00e1gico accidente ocurrido este fin de semana. Sepan que nuestros compa\u00f1eros\ntambi\u00e9n sufren con este tipo de lamentables hechos.<\/p>\n\n\n\n<p>A la vez informamos a aquellas\npersonas que gratuitamente en los distintos medios de comunicaci\u00f3n y redes\nsociales denostan y maltratan a los \u201cTRABAJADORES\u201d, capital mas valioso que\nposee la Direcci\u00f3n de Vialidad. Estos al igual que todos los que transitamos a\nlo largo de las rutas de magallanes estamos expuestos a los mismos riesgos y\ncondiciones camineras, tal como Uds. quedan nuestras familias esperando nuestro\nregreso, sin saber si ello acontecer\u00e1. Nuestros compa\u00f1eros apostados en los\ndistintos campamentos y bases a nivel regional comienzan a rodar desde las 5 de\nla ma\u00f1ana, muchas veces sin saber la hora de retorno, con el fin de que Uds.\npuedan transitar con un poco, s\u00f3lo con un poco, mas de seguridad habiendo d\u00edas\nen que es necesario sobrepasar nuestras jornadas normales de trabajo para que\nUds. puedan transitar y as\u00ed mantener la conectividad regional.<\/p>\n\n\n\n<p>Los azahares del destino, as\u00ed como\nlos imprevistos clim\u00e1ticos hacen que todos debamos poner mas de nuestra parte\nen mantener un manejo mas a la defensiva. \u201cLOS ACCIDENTES NO SON EVITABLES,\nPERO SI PREVENIBLES\u201d.<\/p>\n\n\n\n<p>Para mayor abundamiento y\nconocimiento de la comunidad les recordamos que los productos antihielos y o de\nderretimiento del mismo son aplicados en subidas, bajadas y curvas. En otras\npalabras, en las \u00e1reas de mayor dificultad de manejo.<\/p>\n\n\n\n<p>Por \u00faltimo, manifestarles y hacerles\nhincapi\u00e9 en que todos seamos participes de esto y as\u00ed evitar hechos\nlamentables. De los que estamos segur\u00edsimos nadie pretende provocar por que s\u00ed.\nNuestros compa\u00f1eros con los elementos e instrucciones que se les entrega y Uds.\nobservando las recomendaciones dadas por distintas instituciones en esta\nparticular \u00e9poca del a\u00f1o.<\/p>\n\n\n\n<p>DIRECTIVA REGIONAL<\/p>\n\n\n\n<p>ANATRAVIAL MOP.<\/p>\n\n\n\n<figure class=\"wp-block-image\"><img loading=\"lazy\" decoding=\"async\" width=\"1024\" height=\"540\" src=\"http:\/\/www.radiopresidenteibanez.cl\/web\/wp-content\/uploads\/2019\/01\/panoramica-punta-arenas-1024x540.jpg\" alt=\"\" class=\"wp-image-740\" srcset=\"https:\/\/www.radiopresidenteibanez.cl\/web\/wp-content\/uploads\/2019\/01\/panoramica-punta-arenas-1024x540.jpg 1024w, https:\/\/www.radiopresidenteibanez.cl\/web\/wp-content\/uploads\/2019\/01\/panoramica-punta-arenas-300x158.jpg 300w, https:\/\/www.radiopresidenteibanez.cl\/web\/wp-content\/uploads\/2019\/01\/panoramica-punta-arenas-768x405.jpg 768w, https:\/\/www.radiopresidenteibanez.cl\/web\/wp-content\/uploads\/2019\/01\/panoramica-punta-arenas.jpg 1440w\" sizes=\"auto, (max-width: 1024px) 100vw, 1024px\" \/><\/figure>\n","protected":false},"excerpt":{"rendered":"<p>Como Asociaci\u00f3n de Trabajadores de Vialidad (ANATRAVIAL MOP) Nos sumamos a las muestras de dolor y pesar ante tan tr\u00e1gico accidente ocurrido este fin de semana. Sepan que nuestros compa\u00f1eros&#8230; <a class=\"read-more\" href=\"https:\/\/www.radiopresidenteibanez.cl\/web\/comunicado-prensa-de-anatravial-mop\/\">Leer m\u00e1s<\/a><\/p>\n","protected":false},"author":2,"featured_media":740,"comment_status":"closed","ping_status":"closed","sticky":false,"template":"","format":"standard","meta":{"footnotes":""},"categories":[1],"tags":[],"class_list":["post-5127","post","type-post","status-publish","format-standard","has-post-thumbnail","hentry","category-cronica"],"_links":{"self":[{"href":"https:\/\/www.radiopresidenteibanez.cl\/web\/wp-json\/wp\/v2\/posts\/5127","targetHints":{"allow":["GET"]}}],"collection":[{"href":"https:\/\/www.radiopresidenteibanez.cl\/web\/wp-json\/wp\/v2\/posts"}],"about":[{"href":"https:\/\/www.radiopresidenteibanez.cl\/web\/wp-json\/wp\/v2\/types\/post"}],"author":[{"embeddable":true,"href":"https:\/\/www.radiopresidenteibanez.cl\/web\/wp-json\/wp\/v2\/users\/2"}],"replies":[{"embeddable":true,"href":"https:\/\/www.radiopresidenteibanez.cl\/web\/wp-json\/wp\/v2\/comments?post=5127"}],"version-history":[{"count":0,"href":"https:\/\/www.radiopresidenteibanez.cl\/web\/wp-json\/wp\/v2\/posts\/5127\/revisions"}],"wp:featuredmedia":[{"embeddable":true,"href":"https:\/\/www.radiopresidenteibanez.cl\/web\/wp-json\/wp\/v2\/media\/740"}],"wp:attachment":[{"href":"https:\/\/www.radiopresidenteibanez.cl\/web\/wp-json\/wp\/v2\/media?parent=5127"}],"wp:term":[{"taxonomy":"category","embeddable":true,"href":"https:\/\/www.radiopresidenteibanez.cl\/web\/wp-json\/wp\/v2\/categories?post=5127"},{"taxonomy":"post_tag","embeddable":true,"href":"https:\/\/www.radiopresidenteibanez.cl\/web\/wp-json\/wp\/v2\/tags?post=5127"}],"curies":[{"name":"wp","href":"https:\/\/api.w.org\/{rel}","templated":true}]}}