{"id":51231,"date":"2024-09-16T13:04:00","date_gmt":"2024-09-16T16:04:00","guid":{"rendered":"https:\/\/www.radiopresidenteibanez.cl\/web\/?p=51231"},"modified":"2024-09-16T12:10:22","modified_gmt":"2024-09-16T15:10:22","slug":"magallanes-se-prepara-para-unas-fiestas-patrias-seguras-con-la-fonda-preventiva","status":"publish","type":"post","link":"https:\/\/www.radiopresidenteibanez.cl\/web\/magallanes-se-prepara-para-unas-fiestas-patrias-seguras-con-la-fonda-preventiva\/","title":{"rendered":"MAGALLANES SE PREPARA PARA UNAS FIESTAS PATRIAS SEGURAS CON LA \u00abFONDA PREVENTIVA\u00bb"},"content":{"rendered":"\n<p>Con motivo de las pr\u00f3ximas Fiestas Patrias, la Delegaci\u00f3n Presidencial Regional de Magallanes, a trav\u00e9s de su programa Gobierno en Terreno, en colaboraci\u00f3n con diversos organismos y servicios p\u00fablicos, organiz\u00f3 la \u00abFonda Preventiva: Cuid\u00e9monos este 18\u00bb, que se llev\u00f3 a cabo en el Mall Espacio Urbano Pionero.<br>La \u00abFonda Preventiva\u00bb tiene como objetivo primordial garantizar que las celebraciones patrias se desarrollen de manera segura y responsable. El evento cont\u00f3 con una amplia gama de servicios p\u00fablicos enfocados en la prevenci\u00f3n, protecci\u00f3n y seguridad de la comunidad. Los asistentes pudieron recibir informaci\u00f3n sobre prevenci\u00f3n de delitos, canales de denuncia, puntos de seguridad, entre otros y adem\u00e1s pudieron disfrutar del folclore y nuestra danza nacional por destacados grupos regionales.<br>El Seremi de Gobierno, Andro Mimica, coment\u00f3: \u201cEn todo Chile, desde Arica hasta Magallanes, estamos organizando fondas preventivas. Hacemos un llamado a todas las autoridades, incluyendo Carabineros, Seguridad P\u00fablica, Ministerio de la Mujer, Ministerio de Salud, Ministerio de Transporte y SENDA. Vamos a estar durante todas las fiestas patrias haciendo los puntos de fiscalizaci\u00f3n, haciendo los acompa\u00f1amientos necesarios para que la gente en nuestra regi\u00f3n de Magallanes pueda estar m\u00e1s segura.\u201d<br>Mimica subray\u00f3 la importancia de la colaboraci\u00f3n ciudadana: \u201cNecesitamos el compromiso de toda la ciudadan\u00eda para que al t\u00e9rmino de este fin de semana o de este feriado, que es muy largo, podamos tener cuentas alegres. Pero para eso, vuelvo a insistir, es el compromiso de las autoridades del Gobierno, del Estado, de la Fuerza P\u00fablica, pero tambi\u00e9n de todas las y los magall\u00e1nicos.\u201d<br>Durante el fin de semana de Fiestas Patrias, se intensificar\u00e1n las fiscalizaciones preventivas en carreteras, recintos p\u00fablicos y comercios. Las autoridades locales, en coordinaci\u00f3n con Carabineros y SENDA, realizar\u00e1n m\u00e1s de 11.000 controles preventivos de alcotest y narcotest en puntos de alta concurrencia, incluyendo carreteras y terminales de buses.<br>El General Marco Alvarado D\u00edaz, Jefe de Zona de Carabineros de Magallanes y Ant\u00e1rtica Chilena, destac\u00f3 que \u201cactividades como la Fonda Preventiva buscan prevenir y promover el autocuidado durante estas extensas fiestas patrias, las fiestas patrias XL, como lo hemos denominado Queremos que la ciudadan\u00eda disfrute en familia y regrese a casa sin contratiempos\u201d. El General Alvarado, agreg\u00f3 que \u201cCarabineros estar\u00e1 presente en fondas, desfiles y diversos eventos en toda la regi\u00f3n, con un plan de ruta segura.\u201d<br>Este esfuerzo tiene como objetivo mitigar los riesgos asociados con el aumento del consumo de alcohol y otras sustancias durante las festividades, garantizando el bienestar y seguridad de todos.<br>La Coordinadora Regional de Seguridad P\u00fablica, Carla Barrientos Hern\u00e1ndez, resalt\u00f3 que la jornada \u201clleva los servicios p\u00fablicos al territorio para informar sobre prevenci\u00f3n y seguridad. Recomendamos medidas sencillas como asegurarse de que puertas y ventanas est\u00e9n cerradas al salir de casa y mantener seguros los objetos personales en lugares concurridos. Y tambi\u00e9n si van a andar en veh\u00edculos, no dejar dentro elementos de valor\u201d.<br>En tanto, la Seremi de la Mujer, Alejandra Ruiz, enfatiz\u00f3 la importancia de los \u201cPuntos Morados\u201d en \u00e1reas de aglomeraci\u00f3n, donde se brindar\u00e1 informaci\u00f3n y orientaci\u00f3n para prevenir la violencia de g\u00e9nero. \u201cEstaremos presentes en las kerm\u00e9s y otros eventos con un stand para ofrecer apoyo y orientaci\u00f3n en la prevenci\u00f3n de la violencia.\u201d<br>Por su parte, la Seremi de Salud, Francisca Sanfuentes, hizo un llamado al autocuidado: \u201cEs fundamental tomar precauciones en la conducci\u00f3n y en la alimentaci\u00f3n. Recomendamos comprar alimentos en locales establecidos y seguir buenas pr\u00e1cticas cuidados, precauci\u00f3n y de higiene en la preparaci\u00f3n de alimentos.\u201d<br>En materia de transporte, el Seremi Rodrigo Hern\u00e1ndez subray\u00f3 la importancia de la campa\u00f1a \u201cJuntos por un 18 m\u00e1s seguro\u201d, enfocada en reducir problemas de convivencia vial durante las festividades. \u201cPara nosotros es muy sensible esta fecha porque es cuando m\u00e1s tenemos problemas de convivencia vial donde resultan personas fallecidas, lesionadas, lesiones graves, p\u00e9rdida de patrimonio y p\u00e9rdida, muy importante, de la calidad de vida de las personas. Queremos recordar a la comunidad la importancia de cuidarse y cuidar a los dem\u00e1s.\u201d<br>Finalmente, la Directora (s) de Senda Magallanes, Diana Contreras, destac\u00f3 el despliegue de Senda Previene en toda la regi\u00f3n, e hizo un llamado a los conductores a no consumir alcohol ni otras drogas. \u201cEl mensaje es claro: elegir un conductor designado y pasar las llaves. Porque tenemos Otro plan y es plan es cuidarnos-\u201d<br>La \u00abFonda Preventiva Cuid\u00e9monos este 18\u00bb representa un esfuerzo integral y coordinado para garantizar unas Fiestas Patrias seguras y agradables para todos los habitantes de Magallanes. La colaboraci\u00f3n entre las autoridades, organismos p\u00fablicos y la comunidad es esencial para enfrentar los desaf\u00edos asociados con estas festividades.<br>Las autoridades instaron a la comunidad a aprovechar esta oportunidad para informarse, participar activamente en las actividades preventivas y disfrutar de las celebraciones con responsabilidad, para asegurar que estas Fiestas Patrias sean una ocasi\u00f3n de alegr\u00eda y bienestar, donde la seguridad de todos sea la prioridad.<br>Las autoridades agradecieron a todos los funcionarios de los servicios p\u00fablicos que dedicaron su tiempo y esfuerzo en atender los diversos stands informativos, contribuyendo de manera crucial a la seguridad y bienestar de la comunidad durante estas Fiestas Patrias. A Mall Espacio Urbano Pionero, que cedi\u00f3 el espacio para realizar la actividad preventiva. Y tambi\u00e9n a la agrupaci\u00f3n cuequera Esmeralda, al conjunto Violeta Parra, al taller El Despertar de los Ruise\u00f1ores, Vientos Australes, conjunto Yemel Aoni y Arrieros del Viento, cuyo talento y dedicaci\u00f3n enriquecieron el evento con su m\u00fasica y danza, haciendo de esta celebraci\u00f3n una experiencia a\u00fan m\u00e1s especial y memorable. Su participaci\u00f3n ha sido fundamental para el \u00e9xito de la \u00abFonda<br>Preventiva\u00bb y para fomentar un ambiente festivo y seguro para todos.<\/p>\n","protected":false},"excerpt":{"rendered":"<p>Con motivo de las pr\u00f3ximas Fiestas Patrias, la Delegaci\u00f3n Presidencial Regional de Magallanes, a trav\u00e9s de su programa Gobierno en Terreno, en colaboraci\u00f3n con diversos organismos y servicios p\u00fablicos, organiz\u00f3&#8230; <a class=\"read-more\" href=\"https:\/\/www.radiopresidenteibanez.cl\/web\/magallanes-se-prepara-para-unas-fiestas-patrias-seguras-con-la-fonda-preventiva\/\">Leer m\u00e1s<\/a><\/p>\n","protected":false},"author":2,"featured_media":51232,"comment_status":"closed","ping_status":"closed","sticky":false,"template":"","format":"standard","meta":{"footnotes":""},"categories":[1],"tags":[],"class_list":["post-51231","post","type-post","status-publish","format-standard","has-post-thumbnail","hentry","category-cronica"],"_links":{"self":[{"href":"https:\/\/www.radiopresidenteibanez.cl\/web\/wp-json\/wp\/v2\/posts\/51231","targetHints":{"allow":["GET"]}}],"collection":[{"href":"https:\/\/www.radiopresidenteibanez.cl\/web\/wp-json\/wp\/v2\/posts"}],"about":[{"href":"https:\/\/www.radiopresidenteibanez.cl\/web\/wp-json\/wp\/v2\/types\/post"}],"author":[{"embeddable":true,"href":"https:\/\/www.radiopresidenteibanez.cl\/web\/wp-json\/wp\/v2\/users\/2"}],"replies":[{"embeddable":true,"href":"https:\/\/www.radiopresidenteibanez.cl\/web\/wp-json\/wp\/v2\/comments?post=51231"}],"version-history":[{"count":0,"href":"https:\/\/www.radiopresidenteibanez.cl\/web\/wp-json\/wp\/v2\/posts\/51231\/revisions"}],"wp:featuredmedia":[{"embeddable":true,"href":"https:\/\/www.radiopresidenteibanez.cl\/web\/wp-json\/wp\/v2\/media\/51232"}],"wp:attachment":[{"href":"https:\/\/www.radiopresidenteibanez.cl\/web\/wp-json\/wp\/v2\/media?parent=51231"}],"wp:term":[{"taxonomy":"category","embeddable":true,"href":"https:\/\/www.radiopresidenteibanez.cl\/web\/wp-json\/wp\/v2\/categories?post=51231"},{"taxonomy":"post_tag","embeddable":true,"href":"https:\/\/www.radiopresidenteibanez.cl\/web\/wp-json\/wp\/v2\/tags?post=51231"}],"curies":[{"name":"wp","href":"https:\/\/api.w.org\/{rel}","templated":true}]}}