{"id":51222,"date":"2024-09-16T09:47:00","date_gmt":"2024-09-16T12:47:00","guid":{"rendered":"https:\/\/www.radiopresidenteibanez.cl\/web\/?p=51222"},"modified":"2024-09-16T08:43:35","modified_gmt":"2024-09-16T11:43:35","slug":"seremi-del-mop-anuncio-apertura-del-paso-fronterizo-casas-viejas-para-fines-de-septiembre","status":"publish","type":"post","link":"https:\/\/www.radiopresidenteibanez.cl\/web\/seremi-del-mop-anuncio-apertura-del-paso-fronterizo-casas-viejas-para-fines-de-septiembre\/","title":{"rendered":"SEREMI DEL MOP ANUNCIO APERTURA DEL PASO FRONTERIZO CASAS VIEJAS PARA FINES DE SEPTIEMBRE"},"content":{"rendered":"\n<p>Una reuni\u00f3n muy productiva sostuvo la gerente de la Asociaci\u00f3n de Hoteles y Servicios Tur\u00edsticos de Torres del Paine, HYST, Sara Adema, con el Seremi de Obras P\u00fablicas, Jos\u00e9 Luis Hern\u00e1ndez.<br>El encuentro sirvi\u00f3 para informa los avances relacionados con la apertura del Paso<br>Fronterizo Casas Viejas y el estado de los trabajos en la Ruta Y-290, importantes puntos de<br>acceso y desarrollo tur\u00edstico de la regi\u00f3n.<br>Seg\u00fan lo informado por el Seremi del MOP, la empresa constructora encargada de las<br>obras ha confirmado su compromiso de abrir el Paso Fronterizo Casas Viejas durante el<br>mes de septiembre. Este proceso incluir\u00e1 cortes y desv\u00edos en las rutas cercanas, cuyos<br>detalles y horarios ser\u00e1n informados oportunamente. Se proyecta que las obras<br>principales de pavimentaci\u00f3n est\u00e9n finalizadas en diciembre de 2024, mientras que los<br>trabajos complementarios, como la instalaci\u00f3n de se\u00f1al\u00e9tica y demarcaciones, concluir\u00e1n<br>hacia enero de 2025.<br>\u00abComo gremio, estamos muy contentos de ver c\u00f3mo se cumple el compromiso acordado<br>con los gremios del turismo hace dos meses. La apertura del Paso Casas Viejas es un hito<br>importante para el desarrollo tur\u00edstico de la regi\u00f3n, y aunque el proceso incluir\u00e1 desv\u00edos y<br>cortes, permitir\u00e1 su funcionamiento a partir de septiembre. Tambi\u00e9n hemos oficiado a la<br>Delegaci\u00f3n Presidencial para asegurar que todos los servicios involucrados en el paso<br>fronterizo est\u00e9n operativos lo antes posible\u201d, coment\u00f3 Sara Adema, gerente de HYST.<br>La reuni\u00f3n finaliz\u00f3 con el compromiso de todas las partes de seguir colaborando<br>estrechamente para asegurar el correcto desarrollo de las obras y garantizar el buen<br>funcionamiento de las rutas y el paso fronterizo, en beneficio del turismo en Magallanes.<\/p>\n","protected":false},"excerpt":{"rendered":"<p>Una reuni\u00f3n muy productiva sostuvo la gerente de la Asociaci\u00f3n de Hoteles y Servicios Tur\u00edsticos de Torres del Paine, HYST, Sara Adema, con el Seremi de Obras P\u00fablicas, Jos\u00e9 Luis&#8230; <a class=\"read-more\" href=\"https:\/\/www.radiopresidenteibanez.cl\/web\/seremi-del-mop-anuncio-apertura-del-paso-fronterizo-casas-viejas-para-fines-de-septiembre\/\">Leer m\u00e1s<\/a><\/p>\n","protected":false},"author":2,"featured_media":51223,"comment_status":"closed","ping_status":"closed","sticky":false,"template":"","format":"standard","meta":{"footnotes":""},"categories":[1],"tags":[],"class_list":["post-51222","post","type-post","status-publish","format-standard","has-post-thumbnail","hentry","category-cronica"],"_links":{"self":[{"href":"https:\/\/www.radiopresidenteibanez.cl\/web\/wp-json\/wp\/v2\/posts\/51222","targetHints":{"allow":["GET"]}}],"collection":[{"href":"https:\/\/www.radiopresidenteibanez.cl\/web\/wp-json\/wp\/v2\/posts"}],"about":[{"href":"https:\/\/www.radiopresidenteibanez.cl\/web\/wp-json\/wp\/v2\/types\/post"}],"author":[{"embeddable":true,"href":"https:\/\/www.radiopresidenteibanez.cl\/web\/wp-json\/wp\/v2\/users\/2"}],"replies":[{"embeddable":true,"href":"https:\/\/www.radiopresidenteibanez.cl\/web\/wp-json\/wp\/v2\/comments?post=51222"}],"version-history":[{"count":0,"href":"https:\/\/www.radiopresidenteibanez.cl\/web\/wp-json\/wp\/v2\/posts\/51222\/revisions"}],"wp:featuredmedia":[{"embeddable":true,"href":"https:\/\/www.radiopresidenteibanez.cl\/web\/wp-json\/wp\/v2\/media\/51223"}],"wp:attachment":[{"href":"https:\/\/www.radiopresidenteibanez.cl\/web\/wp-json\/wp\/v2\/media?parent=51222"}],"wp:term":[{"taxonomy":"category","embeddable":true,"href":"https:\/\/www.radiopresidenteibanez.cl\/web\/wp-json\/wp\/v2\/categories?post=51222"},{"taxonomy":"post_tag","embeddable":true,"href":"https:\/\/www.radiopresidenteibanez.cl\/web\/wp-json\/wp\/v2\/tags?post=51222"}],"curies":[{"name":"wp","href":"https:\/\/api.w.org\/{rel}","templated":true}]}}