{"id":51219,"date":"2024-09-16T08:37:57","date_gmt":"2024-09-16T11:37:57","guid":{"rendered":"https:\/\/www.radiopresidenteibanez.cl\/web\/?p=51219"},"modified":"2024-09-16T08:38:03","modified_gmt":"2024-09-16T11:38:03","slug":"con-trabajo-multisectorial-buscan-alertar-a-la-ciudadania-y-prevenir-incidentes-ante-proximas-fiestas-patrias","status":"publish","type":"post","link":"https:\/\/www.radiopresidenteibanez.cl\/web\/con-trabajo-multisectorial-buscan-alertar-a-la-ciudadania-y-prevenir-incidentes-ante-proximas-fiestas-patrias\/","title":{"rendered":"CON TRABAJO MULTISECTORIAL BUSCAN ALERTAR A LA CIUDADANIA Y PREVENIR INCIDENTES ANTE PROXIMAS FIESTAS PATRIAS"},"content":{"rendered":"\n<p>Hasta el terminal mar\u00edtimo de Tres Puentes, se trasladaron funcionarios del Servicio Agr\u00edcola y Ganadero y del Servicio de Impuestos Internos a fin de fiscalizar el arribo de veh\u00edculos y pasajeros que llegaron hasta la capital regional de Punta Arenas desde Porvenir.<\/p>\n\n\n\n<p>La Coordinadora regional de Seguridad P\u00fablica, Carla Barrientos manifest\u00f3 que \u201cnos encontramos en un trabajo intersectorial dando inicio a las fiscalizaciones principalmente contra el delito de abigeato. Estamos junto a SAG, Carabineros y el Servicio de Impuestos Internos y esto se enmarca en el Plan de Acci\u00f3n Rural que lleva adelante la Coordinaci\u00f3n Regional de Seguridad P\u00fablica a trav\u00e9s Plan Regional, que considera un apartado especial para abordar el delito de abigeato seg\u00fan se prioriz\u00f3 a inicio de a\u00f1o\u201d.<\/p>\n\n\n\n<p>La autoridad agreg\u00f3 que la participaci\u00f3n de cada servicio p\u00fablico en estos operativos es fundamental, porque las atribuciones se complementan y se obtienen mejores resultados. En este caso, la participaci\u00f3n del Servicio de Impuestos Internos busca que \u201ctodos los camiones que est\u00e1n ingresando a Punta Arenas vengan con todos los documentos tributarios de la carga al d\u00eda\u201d, destac\u00f3 Barrientos.<\/p>\n\n\n\n<p>Por su parte, desde SAG Magallanes manifestaron que a trav\u00e9s de esta acci\u00f3n se busca dar cumplimiento a la normativa regulada por la Ley de Carnes (Ley 19.162) y sus decretos asociados, los cuales, entre otros, regulan las condiciones para el transporte de ganado y de carne bovina.&nbsp;<\/p>\n","protected":false},"excerpt":{"rendered":"<p>Hasta el terminal mar\u00edtimo de Tres Puentes, se trasladaron funcionarios del Servicio Agr\u00edcola y Ganadero y del Servicio de Impuestos Internos a fin de fiscalizar el arribo de veh\u00edculos y&#8230; <a class=\"read-more\" href=\"https:\/\/www.radiopresidenteibanez.cl\/web\/con-trabajo-multisectorial-buscan-alertar-a-la-ciudadania-y-prevenir-incidentes-ante-proximas-fiestas-patrias\/\">Leer m\u00e1s<\/a><\/p>\n","protected":false},"author":2,"featured_media":51220,"comment_status":"closed","ping_status":"closed","sticky":false,"template":"","format":"standard","meta":{"footnotes":""},"categories":[1],"tags":[],"class_list":["post-51219","post","type-post","status-publish","format-standard","has-post-thumbnail","hentry","category-cronica"],"_links":{"self":[{"href":"https:\/\/www.radiopresidenteibanez.cl\/web\/wp-json\/wp\/v2\/posts\/51219","targetHints":{"allow":["GET"]}}],"collection":[{"href":"https:\/\/www.radiopresidenteibanez.cl\/web\/wp-json\/wp\/v2\/posts"}],"about":[{"href":"https:\/\/www.radiopresidenteibanez.cl\/web\/wp-json\/wp\/v2\/types\/post"}],"author":[{"embeddable":true,"href":"https:\/\/www.radiopresidenteibanez.cl\/web\/wp-json\/wp\/v2\/users\/2"}],"replies":[{"embeddable":true,"href":"https:\/\/www.radiopresidenteibanez.cl\/web\/wp-json\/wp\/v2\/comments?post=51219"}],"version-history":[{"count":0,"href":"https:\/\/www.radiopresidenteibanez.cl\/web\/wp-json\/wp\/v2\/posts\/51219\/revisions"}],"wp:featuredmedia":[{"embeddable":true,"href":"https:\/\/www.radiopresidenteibanez.cl\/web\/wp-json\/wp\/v2\/media\/51220"}],"wp:attachment":[{"href":"https:\/\/www.radiopresidenteibanez.cl\/web\/wp-json\/wp\/v2\/media?parent=51219"}],"wp:term":[{"taxonomy":"category","embeddable":true,"href":"https:\/\/www.radiopresidenteibanez.cl\/web\/wp-json\/wp\/v2\/categories?post=51219"},{"taxonomy":"post_tag","embeddable":true,"href":"https:\/\/www.radiopresidenteibanez.cl\/web\/wp-json\/wp\/v2\/tags?post=51219"}],"curies":[{"name":"wp","href":"https:\/\/api.w.org\/{rel}","templated":true}]}}