{"id":51216,"date":"2024-09-16T08:55:00","date_gmt":"2024-09-16T11:55:00","guid":{"rendered":"https:\/\/www.radiopresidenteibanez.cl\/web\/?p=51216"},"modified":"2024-09-16T08:26:49","modified_gmt":"2024-09-16T11:26:49","slug":"ecos-de-un-nuevo-11-de-septiembre","status":"publish","type":"post","link":"https:\/\/www.radiopresidenteibanez.cl\/web\/ecos-de-un-nuevo-11-de-septiembre\/","title":{"rendered":"ECOS DE UN NUEVO 11 DE SEPTIEMBRE"},"content":{"rendered":"\n<p>No hay caso con Chilito, por m\u00e1s que pasen y pasen los a\u00f1os, cada once de septiembre vuelve<br>a abrir las heridas del pasado. Ya van 51 a\u00f1os del golpe civil-militar que derroc\u00f3 al gobierno del<br>presidente Salvador Allende, y la tragedia que ha marcado las vidas de varias generaciones de<br>chilenos y chilenas, sigue all\u00ed. La recuperaci\u00f3n de la democracia, conquistada en una lucha de 17<br>a\u00f1os, que cost\u00f3 innumerables vidas, y el tormento de miles, no puso fin a los dolores de un alma<br>nacional fracturada. Son tantas las preocupaciones del d\u00eda a d\u00eda del ciudadano de a pie, que es muy probable que la conmemoraci\u00f3n de un nuevo 11 de septiembre, haya pasado desapercibido. A excepci\u00f3n de las grandes ciudades, donde se multiplican los cortes de tr\u00e1nsito o las suspensiones de clases, el Chile profundo, que mueve literalmente, la m\u00e1quina productiva del pa\u00eds, le resulta lejana esta fecha. Haremos ac\u00e1 una reflexi\u00f3n breve de los intentos de 1990 a la fecha, porque no se olvide lo que sucedi\u00f3.<br>Desde 1990, los sucesivos gobiernos progresistas, hicieron esfuerzos por determinar la verdad<br>hist\u00f3rica. La comisi\u00f3n de verdad y reconciliaci\u00f3n, que lider\u00f3 el abogado Ra\u00fal Rettig. Estuvo integrada por ocho miembros, cuatro de los cuales pertenec\u00edan a la derecha pol\u00edtica. Esta comisi\u00f3n dio lugar al informe Rettig, en el a\u00f1o 1991, durante el gobierno del presidente Aylwin. Fue el primer intento del estado de Chile para consignar por escrito, la memoria de lo ocurrido, y se anot\u00f3 los nombres de las personas v\u00edctimas de violencia pol\u00edtica durante la dictadura, que a ese a\u00f1o eran 2.298 personas. En el a\u00f1o 1996 durante el gobierno del presidente Eduardo Frei Ruiz Tagle, se constituy\u00f3 una mesa de di\u00e1logo entre la sociedad civil y las FFAA y de orden y seguridad. Durante el gobierno del Presidente Ricardo Lagos Escobar, se constituy\u00f3 la Comisi\u00f3n Nacional sobre Prisi\u00f3n Pol\u00edtica y Tortura, conocida como comisi\u00f3n Valech, la cual consign\u00f3 en su informe de 2005 los testimonios de 35.865 personas residentes en Chile y el extranjero. De estos casos, m\u00e1s de 28 mil testimonios fueron aceptados como v\u00e1lidos, existiendo m\u00e1s all\u00e1 de toda duda, la convicci\u00f3n de que fueron v\u00edctimas de prisi\u00f3n y tortura entre el 11 de septiembre de 1973 y el 11 de marzo de 1990. Con muy sentidas palabras el presidente Lagos reflexionaba al presentar el informe: \u201c\u00bfC\u00f3mo explicar tanto horror? \u00bfQu\u00e9 pudo provocar conductas humanas como las que all\u00ed aparecen? No tengo respuesta para ello. Como en otras partes del mundo y en otros momentos de la historia, la raz\u00f3n no alcanza a explicar ciertos comportamientos humanos en los que predomina la crueldad extrema. \u00bfC\u00f3mo explicar que el 94% de las personas detenidas se\u00f1alaron haber sufrido torturas? \u00bfC\u00f3mo explicar que, de las 3.400 mujeres que prestaron testimonio, casi todas se\u00f1alan haber sido objeto de violencia sexual? Durante el gobierno de la presidenta Bachelet, se cre\u00f3 el museo de la memoria y los DDHH, instancia que es reconocida internacionalmente, por la dignidad y respeto con el que se conserva la memoria de las violaciones a los DDHH durante la dictadura. Asimismo, durante su gobierno, se constituy\u00f3 la denominada Comisi\u00f3n de Valech II, que se aboc\u00f3 entre 2007 y 2009 a retomar los<br>registros y an\u00e1lisis de testimonios, ampli\u00e1ndose el n\u00famero de v\u00edctimas de la violencia pol\u00edtica a 3.216 personas. Asimismo, durante su gobierno se promulga la ley N\u00b0 20.405 que crea el Instituto<br>Nacional de los Derechos humanos, iniciativa que inici\u00f3 su tramitaci\u00f3n en 2005 durante el gobierno del presidente Lagos, se publica en el diario oficial el 10 de diciembre de 2009. El acto de constituci\u00f3n del INDH, se efectu\u00f3 el 20 de julio de 2010, durante el gobierno del presidente Sebasti\u00e1n Pi\u00f1era, quien designa a los once miembros fundacionales del Consejo: Miguel Amun\u00e1tegui, Eugenio D\u00edaz, Lorena Fries, Sergio Fuenzalida, Roberto Garret\u00f3n, Claudio Gonz\u00e1lez, Luis Hermosilla, Enrique N\u00fa\u00f1ez, Manuel N\u00fa\u00f1ez, y Mar\u00eda Luisa Sep\u00falveda. Como primera directora del Instituto fue nombrada la abogada Lorena Fries. Durante ese primer mandato del presidente Pi\u00f1era, habla de los \u201cc\u00f3mplices pasivos\u201d de las violaciones a los DDHH, que estar\u00edan en su sector pol\u00edtico, separando aguas de ese modo, de quienes a\u00fan reivindicaban el golpe de estado y defend\u00edan la dictadura.<br>Durante el gobierno del presidente Boric, se ha creado la pol\u00edtica nacional de b\u00fasqueda, cuya<br>finalidad es avanzar en la recopilaci\u00f3n de informaci\u00f3n, que permita ubicar el paradero de las miles de personas, v\u00edctimas de desaparici\u00f3n forzosa durante la dictadura militar. Asimismo, se ha dispuesto modificar la obligaci\u00f3n de secreto de los testimonios entregados en la Comisi\u00f3n Valech, que fijaba un horizonte de 50 a\u00f1os, para que se liberaran esos testimonios. Esto a su vez ha abierto una discusi\u00f3n, ya que los testimonios fueron recibidos bajo esas reglas, y no se estar\u00eda respetando la voluntad de los declarantes. Hoy existe un mecanismo judicial para acceder a esa informaci\u00f3n, en los casos espec\u00edficos de personas a quienes les ata\u00f1e directamente.<br>Durante la conmemoraci\u00f3n de los 50 a\u00f1os del golpe de estado, el a\u00f1o pasado, se efectu\u00f3 el<br>viaje que ya constituye un rito para los ex prisioneros del campo de reclusi\u00f3n de Isla Dawson. En un buque armada, y acompa\u00f1ados de sus familias, los ex prisioneros visitaron Isla Dawson, en esa<br>ocasi\u00f3n fueron testigos, del discurso del Almirante Juan Andr\u00e9s Maza, quien expres\u00f3 \u00abEs por todos<br>conocido (\u2026) este fue un centro de detenci\u00f3n de prisioneros pol\u00edticos de la \u00e9poca. Y, \u00bfc\u00f3mo lo vamos a desconocer?, no lo puedo desconocer y por eso estamos aqu\u00ed\u00bb, asimismo, hizo votos para que \u00abNunca m\u00e1s, que estos hechos no ocurran nunca m\u00e1s. Ni aqu\u00ed y ojal\u00e1 en ninguna parte del mundo, estos son condenables, los hechos todos, en cualquier parte del mundo\u00bb.<br>Hasta ah\u00ed vamos bien. Una sola voz para repudiar las violaciones a los derechos humanos y las<br>atrocidades cometidas durante la dictadura. Sin embargo, nunca se puede dar por sentada la<br>democracia y la libertad. Muy inquietantes hechos ocurrieron esta misma semana, en lo que<br>aparentaba ser una humorada, una docena de j\u00f3venes de un grupo ultra conservador, filmaron un<br>peque\u00f1o video frente a La Moneda, reivindicando el golpe de estado de 1973. Las declaraciones<br>sorprendieron incluso en el sector conservador, que con el difunto presidente Pi\u00f1era, intent\u00f3 separarse de la herencia del dictador. Eso ser\u00eda meramente anecd\u00f3tico, y si no se hubiese conocido tambi\u00e9n esta semana, una resoluci\u00f3n de la excelent\u00edsima Corte Suprema, que autoriza a reponer en las instalaciones de las FFAA y de Orden y Seguridad, las fotograf\u00edas de los comandantes en jefe de las mismas durante la dictadura. Una decisi\u00f3n que s\u00f3lo se puede entender, en el contexto de descalabro moral que sufre el m\u00e1ximo tribunal del pa\u00eds. A pocos d\u00edas del inicio de acusaciones constitucionales contra tres de sus miembros, y con el cuaderno de remoci\u00f3n abierto por ellos mismos, contra una conocida ministra, y ex vocera del propio tribunal, la que, por cierto, estuvo por autorizar la reposici\u00f3n de la foto del dictador y sus secuaces.<br>Pasan y pasan los a\u00f1os, y los consensos b\u00e1sicos, que nos tardamos treinta a\u00f1os en construir,<br>hoy se tiran por el ca\u00f1o, y se encienden de nuevo los odios, que nos llevaron al abismo. La<br>responsabilidad del liderazgo pol\u00edtico conservador, que mira con ansias las elecciones del 2025, tiene un desaf\u00edo mayor, cortar amarras definitivamente con el pasado autoritario, o cerrar filas, con los grupos ultra conservadores que miran con nostalgia la dictadura.<br>El sector progresista, tiene una tarea mayor, intentar cerrar con \u00e9xito un gobierno sin mayor\u00eda<br>parlamentaria, donde sus iniciativas emblem\u00e1ticas chocan indefectiblemente con la muralla<br>conservadora. La proyecci\u00f3n presidencial de alguna de las figuras m\u00e1s reconocidas del ex movimiento estudiantil, parece descartada, y se mira con excesivo entusiasmo la mano que puede devolver la centro izquierda, con su figura m\u00e1s relevante.<br>Ernesto Sep\u00falveda Tornero<\/p>\n","protected":false},"excerpt":{"rendered":"<p>No hay caso con Chilito, por m\u00e1s que pasen y pasen los a\u00f1os, cada once de septiembre vuelvea abrir las heridas del pasado. Ya van 51 a\u00f1os del golpe civil-militar&#8230; <a class=\"read-more\" href=\"https:\/\/www.radiopresidenteibanez.cl\/web\/ecos-de-un-nuevo-11-de-septiembre\/\">Leer m\u00e1s<\/a><\/p>\n","protected":false},"author":2,"featured_media":51217,"comment_status":"closed","ping_status":"closed","sticky":false,"template":"","format":"standard","meta":{"footnotes":""},"categories":[1],"tags":[],"class_list":["post-51216","post","type-post","status-publish","format-standard","has-post-thumbnail","hentry","category-cronica"],"_links":{"self":[{"href":"https:\/\/www.radiopresidenteibanez.cl\/web\/wp-json\/wp\/v2\/posts\/51216","targetHints":{"allow":["GET"]}}],"collection":[{"href":"https:\/\/www.radiopresidenteibanez.cl\/web\/wp-json\/wp\/v2\/posts"}],"about":[{"href":"https:\/\/www.radiopresidenteibanez.cl\/web\/wp-json\/wp\/v2\/types\/post"}],"author":[{"embeddable":true,"href":"https:\/\/www.radiopresidenteibanez.cl\/web\/wp-json\/wp\/v2\/users\/2"}],"replies":[{"embeddable":true,"href":"https:\/\/www.radiopresidenteibanez.cl\/web\/wp-json\/wp\/v2\/comments?post=51216"}],"version-history":[{"count":0,"href":"https:\/\/www.radiopresidenteibanez.cl\/web\/wp-json\/wp\/v2\/posts\/51216\/revisions"}],"wp:featuredmedia":[{"embeddable":true,"href":"https:\/\/www.radiopresidenteibanez.cl\/web\/wp-json\/wp\/v2\/media\/51217"}],"wp:attachment":[{"href":"https:\/\/www.radiopresidenteibanez.cl\/web\/wp-json\/wp\/v2\/media?parent=51216"}],"wp:term":[{"taxonomy":"category","embeddable":true,"href":"https:\/\/www.radiopresidenteibanez.cl\/web\/wp-json\/wp\/v2\/categories?post=51216"},{"taxonomy":"post_tag","embeddable":true,"href":"https:\/\/www.radiopresidenteibanez.cl\/web\/wp-json\/wp\/v2\/tags?post=51216"}],"curies":[{"name":"wp","href":"https:\/\/api.w.org\/{rel}","templated":true}]}}