{"id":5121,"date":"2019-06-18T14:22:28","date_gmt":"2019-06-18T14:22:28","guid":{"rendered":"http:\/\/www.radiopresidenteibanez.cl\/web\/?p=5121"},"modified":"2019-06-18T14:23:13","modified_gmt":"2019-06-18T14:23:13","slug":"comenzo-la-mantencion-y-reparacion-del-alumbrado-publico-en-porvenir","status":"publish","type":"post","link":"https:\/\/www.radiopresidenteibanez.cl\/web\/comenzo-la-mantencion-y-reparacion-del-alumbrado-publico-en-porvenir\/","title":{"rendered":"COMENZ\u00d3 LA MANTENCI\u00d3N Y REPARACI\u00d3N DEL ALUMBRADO P\u00daBLICO EN PORVENIR"},"content":{"rendered":"\n<p>Comenzaron los trabajos de mantenci\u00f3n de las luminarias del alumbrado\np\u00fablico en diversas calles de Porvenir, los que presentaban un alto grado de\ndeterioro y muchas de ellas se encontraban sin luminosidad.<\/p>\n\n\n\n<p>La alcaldesa Marisol Andrade C\u00e1rdenas, explic\u00f3 que \u201ccomo municipalidad\nhemos suscrito un contrato de suministro con la empresa Edelmag, para realizar\nesta mantenci\u00f3n y reposici\u00f3n de luminarias del alumbrado p\u00fablico en las\ndiferentes calles de la comuna\u201d.<\/p>\n\n\n\n<p>\u201cEn esta primera etapa, los trabajos se concentrar\u00e1n en reponer las\nluminarias de las calles y pasajes de la ciudad, para luego continuar con un\nproyecto que present\u00f3 el municipio fueguino y que consiste en la reposici\u00f3n de luminarias\npara realizar el cambio de las actuales luces de sodio a luces led\u201d, record\u00f3 la\nautoridad edilicia, \u201cque este proyecto se encuentra en la Subdere y se est\u00e1 a\nla espera de su financiamiento\u201d. Apunt\u00f3 la jefa comunal, \u201cque espera que este\nfinanciamiento se concrete el segundo semestre de este a\u00f1o, lo que va a\npermitir tener una mayor luminosidad en todas las calles de la ciudad\u201d.<\/p>\n\n\n\n<p>La primera etapa considera desde la calle Esmeralda hasta Manuel Se\u00f1oret y\nde John Williams&nbsp; a Carlos Wood y la\nsegunda etapa contempla el sector de Pedro Aguirre Cerda y la poblaci\u00f3n Lomas\ndel Baquedano.<\/p>\n\n\n\n<p>Lo que buscamos es mejorar este servicio y as\u00ed darle m\u00e1s seguridad a\nnuestros vecinos, y para eso destinamos una importante cantidad de dinero de\nrecursos propios para llevar a cabo esas tareas\u201d, agreg\u00f3 la alcaldesa.<\/p>\n\n\n\n<p>El municipio dispuso un presupuesto de cerca de $ 6 millones para financiar estos trabajos, lo que asegura una correcta y adecuada mantenci\u00f3n del alumbrado p\u00fablico en Porvenir.<\/p>\n\n\n\n<figure class=\"wp-block-image\"><img loading=\"lazy\" decoding=\"async\" width=\"900\" height=\"675\" src=\"https:\/\/www.radiopresidenteibanez.cl\/web\/wp-content\/uploads\/2019\/06\/IMG_0803.jpg\" alt=\"\" class=\"wp-image-5122\" srcset=\"https:\/\/www.radiopresidenteibanez.cl\/web\/wp-content\/uploads\/2019\/06\/IMG_0803.jpg 900w, https:\/\/www.radiopresidenteibanez.cl\/web\/wp-content\/uploads\/2019\/06\/IMG_0803-300x225.jpg 300w, https:\/\/www.radiopresidenteibanez.cl\/web\/wp-content\/uploads\/2019\/06\/IMG_0803-768x576.jpg 768w\" sizes=\"auto, (max-width: 900px) 100vw, 900px\" \/><\/figure>\n","protected":false},"excerpt":{"rendered":"<p>Comenzaron los trabajos de mantenci\u00f3n de las luminarias del alumbrado p\u00fablico en diversas calles de Porvenir, los que presentaban un alto grado de deterioro y muchas de ellas se encontraban&#8230; <a class=\"read-more\" href=\"https:\/\/www.radiopresidenteibanez.cl\/web\/comenzo-la-mantencion-y-reparacion-del-alumbrado-publico-en-porvenir\/\">Leer m\u00e1s<\/a><\/p>\n","protected":false},"author":2,"featured_media":5122,"comment_status":"closed","ping_status":"closed","sticky":false,"template":"","format":"standard","meta":{"footnotes":""},"categories":[1],"tags":[],"class_list":["post-5121","post","type-post","status-publish","format-standard","has-post-thumbnail","hentry","category-cronica"],"_links":{"self":[{"href":"https:\/\/www.radiopresidenteibanez.cl\/web\/wp-json\/wp\/v2\/posts\/5121","targetHints":{"allow":["GET"]}}],"collection":[{"href":"https:\/\/www.radiopresidenteibanez.cl\/web\/wp-json\/wp\/v2\/posts"}],"about":[{"href":"https:\/\/www.radiopresidenteibanez.cl\/web\/wp-json\/wp\/v2\/types\/post"}],"author":[{"embeddable":true,"href":"https:\/\/www.radiopresidenteibanez.cl\/web\/wp-json\/wp\/v2\/users\/2"}],"replies":[{"embeddable":true,"href":"https:\/\/www.radiopresidenteibanez.cl\/web\/wp-json\/wp\/v2\/comments?post=5121"}],"version-history":[{"count":0,"href":"https:\/\/www.radiopresidenteibanez.cl\/web\/wp-json\/wp\/v2\/posts\/5121\/revisions"}],"wp:featuredmedia":[{"embeddable":true,"href":"https:\/\/www.radiopresidenteibanez.cl\/web\/wp-json\/wp\/v2\/media\/5122"}],"wp:attachment":[{"href":"https:\/\/www.radiopresidenteibanez.cl\/web\/wp-json\/wp\/v2\/media?parent=5121"}],"wp:term":[{"taxonomy":"category","embeddable":true,"href":"https:\/\/www.radiopresidenteibanez.cl\/web\/wp-json\/wp\/v2\/categories?post=5121"},{"taxonomy":"post_tag","embeddable":true,"href":"https:\/\/www.radiopresidenteibanez.cl\/web\/wp-json\/wp\/v2\/tags?post=5121"}],"curies":[{"name":"wp","href":"https:\/\/api.w.org\/{rel}","templated":true}]}}