{"id":51205,"date":"2024-09-13T17:53:00","date_gmt":"2024-09-13T20:53:00","guid":{"rendered":"https:\/\/www.radiopresidenteibanez.cl\/web\/?p=51205"},"modified":"2024-09-13T11:01:02","modified_gmt":"2024-09-13T14:01:02","slug":"umag-y-museo-interactivo-mirador-trabajaran-en-convenio-de-colaboracion","status":"publish","type":"post","link":"https:\/\/www.radiopresidenteibanez.cl\/web\/umag-y-museo-interactivo-mirador-trabajaran-en-convenio-de-colaboracion\/","title":{"rendered":"UMAG y MUSEO INTERACTIVO MIRADOR TRABAJARAN EN CONVENIO DE COLABORACION"},"content":{"rendered":"\n<p>El rector de la Universidad de Magallanes (UMAG), Jos\u00e9 Maripani, y el director ejecutivo del Museo Interactivo Mirador (MIM), Enrique Rivera, sostuvieron un encuentro en el que analizaron posibles colaboraciones para fortalecer el desarrollo museogr\u00e1fico y cultural en la Regi\u00f3n de Magallanes y de la Ant\u00e1rtica Chilena. Adem\u00e1s, abordaron la importancia de los museos como espacios de generaci\u00f3n de conocimiento y su vinculaci\u00f3n con las universidades.<\/p>\n\n\n\n<p>En la oportunidad, Rivera subray\u00f3 la necesidad de entender los museos como portales que permiten profundizar en diversas \u00e1reas del conocimiento gracias al apoyo de las universidades. \u201cLa vinculaci\u00f3n con ustedes (UMAG) viene a profundizar lo que estamos haciendo en Punta Arenas con nuestra exposici\u00f3n itinerante, y tambi\u00e9n nos permite proyectar al futuro\u00bb, se\u00f1al\u00f3. recalcando la posibilidad de desarrollar programas acad\u00e9micos en \u00e1reas como museograf\u00eda, mediaci\u00f3n cultural, y estudios sobre el impacto de la cultura en la econom\u00eda regional.<\/p>\n\n\n\n<p>El rector Maripani, por su parte, enfatiz\u00f3 lo que significa para la Universidad colaborar con una instituci\u00f3n de relevancia como el MIM. \u201cSabemos la importancia que tiene la importancia que tiene el MIM a nivel nacional, su \u00e9xito y su avance en sostenibilidad\u201d, dijo, destacando el inter\u00e9s mutuo en explorar \u00e1reas de cooperaci\u00f3n que pudieran incluir el desarrollo de un pabell\u00f3n ant\u00e1rtico y la investigaci\u00f3n en energ\u00edas renovables, especialmente, en el contexto del potencial de hidr\u00f3geno verde en la regi\u00f3n.<\/p>\n\n\n\n<p>Coincidieron en la necesidad de formalizar esta colaboraci\u00f3n a trav\u00e9s de un convenio marco que establezca las bases para proyectos espec\u00edficos. Estos convenios buscar\u00e1n financiamiento para iniciativas que contribuyan tanto al desarrollo regional, como nacional, en temas claves como la cultura ant\u00e1rtica y las energ\u00edas renovables. Aunque a\u00fan no se ha definido un plazo para la firma del convenio, el rector Maripani manifest\u00f3 su inter\u00e9s en avanzar lo m\u00e1s r\u00e1pidamente posible para hacer realidad esta colaboraci\u00f3n.<\/p>\n\n\n\n<p>La reuni\u00f3n tambi\u00e9n cont\u00f3 con la participaci\u00f3n del equipo directivo de la UMAG como la vicerrectora de Vinculaci\u00f3n con el Medio, Melissa Flores; el vicerrector de Administraci\u00f3n y Finanzas, Fredy Cabezas; la secretaria general de la UMAG, Anggie Flies; la directora de Planificaci\u00f3n, Paola Asencio; la directora ejecutiva de Rector\u00eda, Elizabeth Jeldres y la acad\u00e9mica y directora del PAR Explora Magallanes, Claudia Salinas, adem\u00e1s de la encargada de gesti\u00f3n ejecutiva del MIM, Miranda Muhr y del encargado audiovisual del MIM, Roberto L\u00f3pez<\/p>\n","protected":false},"excerpt":{"rendered":"<p>El rector de la Universidad de Magallanes (UMAG), Jos\u00e9 Maripani, y el director ejecutivo del Museo Interactivo Mirador (MIM), Enrique Rivera, sostuvieron un encuentro en el que analizaron posibles colaboraciones&#8230; <a class=\"read-more\" href=\"https:\/\/www.radiopresidenteibanez.cl\/web\/umag-y-museo-interactivo-mirador-trabajaran-en-convenio-de-colaboracion\/\">Leer m\u00e1s<\/a><\/p>\n","protected":false},"author":2,"featured_media":51208,"comment_status":"closed","ping_status":"closed","sticky":false,"template":"","format":"standard","meta":{"footnotes":""},"categories":[1],"tags":[],"class_list":["post-51205","post","type-post","status-publish","format-standard","has-post-thumbnail","hentry","category-cronica"],"_links":{"self":[{"href":"https:\/\/www.radiopresidenteibanez.cl\/web\/wp-json\/wp\/v2\/posts\/51205","targetHints":{"allow":["GET"]}}],"collection":[{"href":"https:\/\/www.radiopresidenteibanez.cl\/web\/wp-json\/wp\/v2\/posts"}],"about":[{"href":"https:\/\/www.radiopresidenteibanez.cl\/web\/wp-json\/wp\/v2\/types\/post"}],"author":[{"embeddable":true,"href":"https:\/\/www.radiopresidenteibanez.cl\/web\/wp-json\/wp\/v2\/users\/2"}],"replies":[{"embeddable":true,"href":"https:\/\/www.radiopresidenteibanez.cl\/web\/wp-json\/wp\/v2\/comments?post=51205"}],"version-history":[{"count":0,"href":"https:\/\/www.radiopresidenteibanez.cl\/web\/wp-json\/wp\/v2\/posts\/51205\/revisions"}],"wp:featuredmedia":[{"embeddable":true,"href":"https:\/\/www.radiopresidenteibanez.cl\/web\/wp-json\/wp\/v2\/media\/51208"}],"wp:attachment":[{"href":"https:\/\/www.radiopresidenteibanez.cl\/web\/wp-json\/wp\/v2\/media?parent=51205"}],"wp:term":[{"taxonomy":"category","embeddable":true,"href":"https:\/\/www.radiopresidenteibanez.cl\/web\/wp-json\/wp\/v2\/categories?post=51205"},{"taxonomy":"post_tag","embeddable":true,"href":"https:\/\/www.radiopresidenteibanez.cl\/web\/wp-json\/wp\/v2\/tags?post=51205"}],"curies":[{"name":"wp","href":"https:\/\/api.w.org\/{rel}","templated":true}]}}