{"id":51202,"date":"2024-09-13T16:59:00","date_gmt":"2024-09-13T19:59:00","guid":{"rendered":"https:\/\/www.radiopresidenteibanez.cl\/web\/?p=51202"},"modified":"2024-09-13T10:53:02","modified_gmt":"2024-09-13T13:53:02","slug":"gestionan-disponibilidad-de-inmueble-fiscal-para-un-archivo-de-memoria","status":"publish","type":"post","link":"https:\/\/www.radiopresidenteibanez.cl\/web\/gestionan-disponibilidad-de-inmueble-fiscal-para-un-archivo-de-memoria\/","title":{"rendered":"GESTIONAN DISPONIBILIDAD DE INMUEBLE FISCAL PARA UN ARCHIVO DE MEMORIA"},"content":{"rendered":"\n<p>El ministerio de Bienes Nacionales busca apoyar la concreci\u00f3n de un Archivo<br>de la Memoria y los Derechos Humanos y Fondo Documental en la regi\u00f3n de<br>Magallanes. De esta manera, el Delegado Presidencial Regional, Jos\u00e9 Ruiz y<br>las diversas agrupaciones vinculadas a esta pol\u00edtica de Estado, visitaron el<br>terreno de calle Zenteno N\u00b0 1124, ex 986, donde se ubica la propiedad.<br>La idea que persigue el proyecto es preservar la memoria hist\u00f3rica del pueblo<br>magall\u00e1nico, y en particular de las v\u00edctimas de violaciones a las DDHH<br>ocurridas en Magallanes entre 1973 y 1990. El inmueble posee una superficie<br>de 178 metros cuadrados construidos y es la Agrupaci\u00f3n de ex presos<br>pol\u00edticos y familiares quien pretende la concesi\u00f3n de uso gratuito para<br>cumplir dicho fin.<br>Manuel Rodr\u00edguez, de la agrupaci\u00f3n de ex presos pol\u00edticos de Magallanes, se<br>buscar\u00e1 de esta manera, conservar, digitalizar y promover la memoria<br>hist\u00f3rica y los valores democr\u00e1ticos mediante recolecci\u00f3n, resguardo,<br>catalogaci\u00f3n y difusi\u00f3n de documentos.<br>Finalmente, se inform\u00f3 que el archivo deber\u00eda incluir espacios de exhibici\u00f3n,<br>conferencias, biblioteca, y una oficina administrativa buscando cumplir el<br>compromiso presidencial de construir al menos un archivo de la Memoria en<br>cada Regi\u00f3n del pa\u00eds.<\/p>\n","protected":false},"excerpt":{"rendered":"<p>El ministerio de Bienes Nacionales busca apoyar la concreci\u00f3n de un Archivode la Memoria y los Derechos Humanos y Fondo Documental en la regi\u00f3n deMagallanes. De esta manera, el Delegado&#8230; <a class=\"read-more\" href=\"https:\/\/www.radiopresidenteibanez.cl\/web\/gestionan-disponibilidad-de-inmueble-fiscal-para-un-archivo-de-memoria\/\">Leer m\u00e1s<\/a><\/p>\n","protected":false},"author":2,"featured_media":51203,"comment_status":"closed","ping_status":"closed","sticky":false,"template":"","format":"standard","meta":{"footnotes":""},"categories":[1],"tags":[],"class_list":["post-51202","post","type-post","status-publish","format-standard","has-post-thumbnail","hentry","category-cronica"],"_links":{"self":[{"href":"https:\/\/www.radiopresidenteibanez.cl\/web\/wp-json\/wp\/v2\/posts\/51202","targetHints":{"allow":["GET"]}}],"collection":[{"href":"https:\/\/www.radiopresidenteibanez.cl\/web\/wp-json\/wp\/v2\/posts"}],"about":[{"href":"https:\/\/www.radiopresidenteibanez.cl\/web\/wp-json\/wp\/v2\/types\/post"}],"author":[{"embeddable":true,"href":"https:\/\/www.radiopresidenteibanez.cl\/web\/wp-json\/wp\/v2\/users\/2"}],"replies":[{"embeddable":true,"href":"https:\/\/www.radiopresidenteibanez.cl\/web\/wp-json\/wp\/v2\/comments?post=51202"}],"version-history":[{"count":0,"href":"https:\/\/www.radiopresidenteibanez.cl\/web\/wp-json\/wp\/v2\/posts\/51202\/revisions"}],"wp:featuredmedia":[{"embeddable":true,"href":"https:\/\/www.radiopresidenteibanez.cl\/web\/wp-json\/wp\/v2\/media\/51203"}],"wp:attachment":[{"href":"https:\/\/www.radiopresidenteibanez.cl\/web\/wp-json\/wp\/v2\/media?parent=51202"}],"wp:term":[{"taxonomy":"category","embeddable":true,"href":"https:\/\/www.radiopresidenteibanez.cl\/web\/wp-json\/wp\/v2\/categories?post=51202"},{"taxonomy":"post_tag","embeddable":true,"href":"https:\/\/www.radiopresidenteibanez.cl\/web\/wp-json\/wp\/v2\/tags?post=51202"}],"curies":[{"name":"wp","href":"https:\/\/api.w.org\/{rel}","templated":true}]}}