{"id":512,"date":"2019-01-16T18:21:05","date_gmt":"2019-01-16T18:21:05","guid":{"rendered":"http:\/\/www.radiopresidenteibanez.cl\/web\/?p=512"},"modified":"2019-01-16T18:21:17","modified_gmt":"2019-01-16T18:21:17","slug":"mineduc-informa-resultados-de-preseleccion-para-acceder-a-gratuidad-y-beneficios-estudiantiles-2019","status":"publish","type":"post","link":"https:\/\/www.radiopresidenteibanez.cl\/web\/mineduc-informa-resultados-de-preseleccion-para-acceder-a-gratuidad-y-beneficios-estudiantiles-2019\/","title":{"rendered":"MINEDUC INFORMA RESULTADOS DE PRESELECCI\u00d3N PARA ACCEDER A GRATUIDAD Y BENEFICIOS ESTUDIANTILES 2019"},"content":{"rendered":"\n<p>El Ministerio de Educaci\u00f3n public\u00f3 los resultados de preselecci\u00f3n a beneficios estudiantiles 2019, de los postulantes que completaron el Formulario \u00danico de Acreditaci\u00f3n Socioecon\u00f3mica (FUAS) durante octubre y noviembre pasado, y de los potenciales renovantes de beneficios para este a\u00f1o.<\/p>\n\n\n\n<p>En esta etapa, se informa a los estudiantes si, adem\u00e1s de cumplir con los requisitos socioecon\u00f3micos, cumplen las otras exigencias para acceder a la gratuidad, las becas y\/o los cr\u00e9ditos. Los resultados se pueden revisar en&nbsp;<a href=\"https:\/\/mineduc.us11.list-manage.com\/track\/click?u=39350c1a2c6a1c07797b85ded&amp;id=c7e361a8e3&amp;e=0840e69052\" target=\"_blank\" rel=\"noreferrer noopener\">www.gratuidad.cl<\/a>&nbsp;y&nbsp;<a href=\"https:\/\/mineduc.us11.list-manage.com\/track\/click?u=39350c1a2c6a1c07797b85ded&amp;id=3292cdda51&amp;e=0840e69052\" target=\"_blank\" rel=\"noreferrer noopener\">www.beneficiosestudiantiles.cl<\/a>.<\/p>\n\n\n\n<p>M\u00e1s de 273 mil j\u00f3venes est\u00e1n preseleccionados para acceder a los distintos beneficios estudiantiles de educaci\u00f3n superior en 2019. &nbsp;Al respecto, es importante consignar que un estudiante puede resultar preseleccionado para m\u00e1s de una ayuda estudiantil. As\u00ed, m\u00e1s de 214 mil j\u00f3venes est\u00e1n preseleccionados para acceder a la Gratuidad (43,1% del total), mientras que m\u00e1s de 59 mil podr\u00e1n acceder a una beca de arancel y\/o al cr\u00e9dito del Fondo Solidario.<\/p>\n\n\n\n<p>\u201cQueremos que todos los estudiantes, que cumplan con los requisitos acad\u00e9micos de las carreras e instituciones de su preferencia, puedan estudiar con el apoyo de los beneficios que les entrega el Estado; es por eso que los invitamos a tener en cuenta la informaci\u00f3n que les entregamos, para as\u00ed tomar la mejor decisi\u00f3n al momento de matricularse\u201d, asegur\u00f3 el&nbsp;<strong>Nelson C\u00e1rcamo, Seremi de Educaci\u00f3n de Magallanes.<\/strong><\/p>\n\n\n\n<p>En la etapa de preselecci\u00f3n, Mineduc informa a los postulantes si cumplen o no con los requisitos, tanto socioecon\u00f3micos como acad\u00e9micos, establecidos para obtener beneficios estudiantiles.<\/p>\n\n\n\n<p>En el caso de Gratuidad, esto implica que el Ministerio valida si el alumno es chileno, o extranjero con permanencia, o extranjero con residencia y Ense\u00f1anza Media completa cursada en Chile. Adem\u00e1s, se verifica si cuenta con un t\u00edtulo profesional o licenciatura terminal.<\/p>\n\n\n\n<p>Para las becas de arancel y el cr\u00e9dito del Fondo Solidario, en tanto, se revisa principalmente el puntaje promedio PSU o el promedio de notas de Ense\u00f1anza Media. La preselecci\u00f3n es una instancia de car\u00e1cter informativo ya que, para obtener finalmente alg\u00fan beneficio, el estudiante&nbsp;<strong>debe matricularse en una instituci\u00f3n de Educaci\u00f3n Superior.<\/strong><\/p>\n\n\n\n<p>Por otra parte, existen 526.336 estudiantes que son potenciales renovantes de beneficios, de los cuales m\u00e1s de 336.459 podr\u00e1n mantener Gratuidad para 2019.<\/p>\n\n\n\n<p>Del total de estudiantes preseleccionados, alrededor de 209 mil (76,7%) son j\u00f3venes que ingresar\u00e1n a su primer a\u00f1o en la educaci\u00f3n superior en 2019, mientras que m\u00e1s de 63 mil (23,3%) ya son alumnos de alguna carrera, o registran matr\u00edcula durante 2018 en alguna instituci\u00f3n de este nivel educacional. El 58,8% de los estudiantes preseleccionados son mujeres, mientras que el 41,2% del total son hombres.<\/p>\n\n\n\n<p>Es necesario tener presente que, a partir de 2019, aquellos estudiantes que completen FUAS, se encuentren dentro de los primeros 9 deciles, se matriculen en instituciones adscritas a Gratuidad y no resulten favorecidos con este beneficio, tendr\u00e1n la posibilidad de acceder a un arancel ajustado a su nivel socioecon\u00f3mico.&nbsp;<br>&nbsp;<br><strong>Pr\u00f3ximas etapas<\/strong><\/p>\n\n\n\n<p>Adem\u00e1s de los estudiantes que ya cuentan con preselecci\u00f3n de beneficios, hay cerca de 94 mil postulantes que, para obtener un resultado de asignaci\u00f3n, junto con matricularse deben realizar el proceso de evaluaci\u00f3n socioecon\u00f3mica. Esta etapa adicional es necesaria cuando la informaci\u00f3n que los alumnos entregaron en el formulario FUAS sobre la composici\u00f3n e ingresos de su hogar es inconsistente o est\u00e1 incompleta.<\/p>\n\n\n\n<p>Con toda esta informaci\u00f3n, el siguiente paso es que los estudiantes se matriculen, para as\u00ed entonces acceder finalmente al beneficio y sumarse a quienes hoy ya los tienen y los renovar\u00e1n para 2019.<\/p>\n\n\n\n<p>Quienes est\u00e1n preseleccionados para una beca, deben matricularse en una instituci\u00f3n acreditada al 31 de diciembre de 2018; y para acceder al Cr\u00e9dito Fondo Solidario, deben ingresar a una universidad del Consejo de Rectores. La informaci\u00f3n sobre la preselecci\u00f3n del Cr\u00e9dito con Garant\u00eda Estatal (CAE) se puede revisar directamente en&nbsp;<a href=\"https:\/\/mineduc.us11.list-manage.com\/track\/click?u=39350c1a2c6a1c07797b85ded&amp;id=ae451b681b&amp;e=0840e69052\" target=\"_blank\" rel=\"noreferrer noopener\">www.ingresa.cl<\/a>.<\/p>\n\n\n\n<p>Tras la matr\u00edcula, los resultados de asignaci\u00f3n se publicar\u00e1n el 14 de febrero. Ese d\u00eda adem\u00e1s comenzar\u00e1 el proceso de apelaci\u00f3n \u2013 que concluye el 8 de marzo &#8211; y una nueva etapa de inscripci\u00f3n del FUAS que se extender\u00e1 hasta el 14 de marzo.<\/p>\n","protected":false},"excerpt":{"rendered":"<p>El Ministerio de Educaci\u00f3n public\u00f3 los resultados de preselecci\u00f3n a beneficios estudiantiles 2019, de los postulantes que completaron el Formulario \u00danico de Acreditaci\u00f3n Socioecon\u00f3mica (FUAS) durante octubre y noviembre pasado,&#8230; <a class=\"read-more\" href=\"https:\/\/www.radiopresidenteibanez.cl\/web\/mineduc-informa-resultados-de-preseleccion-para-acceder-a-gratuidad-y-beneficios-estudiantiles-2019\/\">Leer m\u00e1s<\/a><\/p>\n","protected":false},"author":2,"featured_media":513,"comment_status":"closed","ping_status":"closed","sticky":false,"template":"","format":"standard","meta":{"footnotes":""},"categories":[1],"tags":[],"class_list":["post-512","post","type-post","status-publish","format-standard","has-post-thumbnail","hentry","category-cronica"],"_links":{"self":[{"href":"https:\/\/www.radiopresidenteibanez.cl\/web\/wp-json\/wp\/v2\/posts\/512","targetHints":{"allow":["GET"]}}],"collection":[{"href":"https:\/\/www.radiopresidenteibanez.cl\/web\/wp-json\/wp\/v2\/posts"}],"about":[{"href":"https:\/\/www.radiopresidenteibanez.cl\/web\/wp-json\/wp\/v2\/types\/post"}],"author":[{"embeddable":true,"href":"https:\/\/www.radiopresidenteibanez.cl\/web\/wp-json\/wp\/v2\/users\/2"}],"replies":[{"embeddable":true,"href":"https:\/\/www.radiopresidenteibanez.cl\/web\/wp-json\/wp\/v2\/comments?post=512"}],"version-history":[{"count":0,"href":"https:\/\/www.radiopresidenteibanez.cl\/web\/wp-json\/wp\/v2\/posts\/512\/revisions"}],"wp:featuredmedia":[{"embeddable":true,"href":"https:\/\/www.radiopresidenteibanez.cl\/web\/wp-json\/wp\/v2\/media\/513"}],"wp:attachment":[{"href":"https:\/\/www.radiopresidenteibanez.cl\/web\/wp-json\/wp\/v2\/media?parent=512"}],"wp:term":[{"taxonomy":"category","embeddable":true,"href":"https:\/\/www.radiopresidenteibanez.cl\/web\/wp-json\/wp\/v2\/categories?post=512"},{"taxonomy":"post_tag","embeddable":true,"href":"https:\/\/www.radiopresidenteibanez.cl\/web\/wp-json\/wp\/v2\/tags?post=512"}],"curies":[{"name":"wp","href":"https:\/\/api.w.org\/{rel}","templated":true}]}}