{"id":51193,"date":"2024-09-13T12:49:00","date_gmt":"2024-09-13T15:49:00","guid":{"rendered":"https:\/\/www.radiopresidenteibanez.cl\/web\/?p=51193"},"modified":"2024-09-13T09:59:12","modified_gmt":"2024-09-13T12:59:12","slug":"rreconocen-a-ex-funcionario-de-indap-y-presentan-placa-homenaje-a-campesinos-y-trabajadores-del-agro","status":"publish","type":"post","link":"https:\/\/www.radiopresidenteibanez.cl\/web\/rreconocen-a-ex-funcionario-de-indap-y-presentan-placa-homenaje-a-campesinos-y-trabajadores-del-agro\/","title":{"rendered":"RRECONOCEN A EX FUNCIONARIO DE INDAP Y PRESENTAN PLACA HOMENAJE A CAMPESINOS Y TRABAJADORES DEL AGRO"},"content":{"rendered":"\n<p>En un emotivo acto realizado en la antigua bodega de la CORA, la Seremi de Agricultura, junto a trabajadores de INDAP y otras instituciones del sector agropecuario, present\u00f3 una placa en homenaje a los campesinos y funcionarios del agro que sufrieron la violencia del golpe militar, apoyado por civiles. El evento cont\u00f3 con la participaci\u00f3n de unas cuarenta personas, entre ellas un ex funcionario de INDAP detenido el 11 de septiembre de 1973 y la hija de un antiguo jefe del \u00e1rea social de la instituci\u00f3n, ambos v\u00edctimas de detenci\u00f3n, tortura y traslado a Isla Dawson.<\/p>\n\n\n\n<p>En 1973, el Instituto de Desarrollo Agropecuario (INDAP) en Magallanes contaba con cerca de 100 funcionarios, muchos de los cuales fueron interrogados, y sus jefaturas detenidas y llevadas a centros de tortura, incluida Isla Dawson, record\u00f3 Eduardo Ojeda, ex jefe de \u00c1rea de INDAP Punta Arenas, quien tambi\u00e9n fue detenido el 11 de septiembre, el mismo d\u00eda de su cumplea\u00f1os.<\/p>\n\n\n\n<p>Durante la ceremonia, Eduardo Ojeda recibi\u00f3 un reconocimiento tras m\u00e1s de cinco d\u00e9cadas de haber sido despojado abruptamente de su trabajo. En su intervenci\u00f3n, Ojeda agradeci\u00f3 el homenaje y llam\u00f3 a fortalecer y apoyar la agricultura con el mismo compromiso que caracteriz\u00f3 a su generaci\u00f3n.<\/p>\n\n\n\n<p>La hija de Pedro Calixto, ex jefe del \u00e1rea social de INDAP, tambi\u00e9n expres\u00f3 su gratitud por el reconocimiento a su padre, lamentando que no haya sido en vida. Pedro Calixto fue detenido por Otto Trujillo, chofer de la instituci\u00f3n, quien actualmente cumple condena por violaciones a los derechos humanos hasta el a\u00f1o 2053.<\/p>\n\n\n\n<p>\u201cLa memoria no solo honra a las v\u00edctimas, tambi\u00e9n nos ense\u00f1a sobre la resiliencia y el poder de la comunidad para superar la adversidad. Reconocer estos pasados oscuros permite a la sociedad reflexionar sobre sus propios valores y comprometerse con un &#8216;nunca m\u00e1s&#8217; aut\u00e9ntico y comprometido\u201d, destac\u00f3 Jos\u00e9 Ruiz Pivcevic, delegado presidencial regional.<\/p>\n\n\n\n<p>Por su parte, la Seremi de Agricultura subray\u00f3 la importancia de promover y proteger la memoria, se\u00f1alando que es tarea de todos \u2014desde los ciudadanos hasta las instituciones\u2014 instalar memoriales, crear espacios de reflexi\u00f3n e incluir estos temas en la educaci\u00f3n como acciones concretas que pueden marcar la diferencia.<\/p>\n\n\n\n<p>El director regional de INDAP, Gabriel Zegers, realiz\u00f3 una rese\u00f1a sobre el impacto de la Reforma Agraria y la contrarreforma en el sector, destacando su relevancia hist\u00f3rica.<\/p>\n\n\n\n<p>El acto concluy\u00f3 con un llamado a mantener viva la memoria activa como un medio para sanar las heridas del pasado y avanzar hacia un futuro m\u00e1s justo y comprometido.<\/p>\n","protected":false},"excerpt":{"rendered":"<p>En un emotivo acto realizado en la antigua bodega de la CORA, la Seremi de Agricultura, junto a trabajadores de INDAP y otras instituciones del sector agropecuario, present\u00f3 una placa&#8230; <a class=\"read-more\" href=\"https:\/\/www.radiopresidenteibanez.cl\/web\/rreconocen-a-ex-funcionario-de-indap-y-presentan-placa-homenaje-a-campesinos-y-trabajadores-del-agro\/\">Leer m\u00e1s<\/a><\/p>\n","protected":false},"author":2,"featured_media":51194,"comment_status":"closed","ping_status":"closed","sticky":false,"template":"","format":"standard","meta":{"footnotes":""},"categories":[1],"tags":[],"class_list":["post-51193","post","type-post","status-publish","format-standard","has-post-thumbnail","hentry","category-cronica"],"_links":{"self":[{"href":"https:\/\/www.radiopresidenteibanez.cl\/web\/wp-json\/wp\/v2\/posts\/51193","targetHints":{"allow":["GET"]}}],"collection":[{"href":"https:\/\/www.radiopresidenteibanez.cl\/web\/wp-json\/wp\/v2\/posts"}],"about":[{"href":"https:\/\/www.radiopresidenteibanez.cl\/web\/wp-json\/wp\/v2\/types\/post"}],"author":[{"embeddable":true,"href":"https:\/\/www.radiopresidenteibanez.cl\/web\/wp-json\/wp\/v2\/users\/2"}],"replies":[{"embeddable":true,"href":"https:\/\/www.radiopresidenteibanez.cl\/web\/wp-json\/wp\/v2\/comments?post=51193"}],"version-history":[{"count":0,"href":"https:\/\/www.radiopresidenteibanez.cl\/web\/wp-json\/wp\/v2\/posts\/51193\/revisions"}],"wp:featuredmedia":[{"embeddable":true,"href":"https:\/\/www.radiopresidenteibanez.cl\/web\/wp-json\/wp\/v2\/media\/51194"}],"wp:attachment":[{"href":"https:\/\/www.radiopresidenteibanez.cl\/web\/wp-json\/wp\/v2\/media?parent=51193"}],"wp:term":[{"taxonomy":"category","embeddable":true,"href":"https:\/\/www.radiopresidenteibanez.cl\/web\/wp-json\/wp\/v2\/categories?post=51193"},{"taxonomy":"post_tag","embeddable":true,"href":"https:\/\/www.radiopresidenteibanez.cl\/web\/wp-json\/wp\/v2\/tags?post=51193"}],"curies":[{"name":"wp","href":"https:\/\/api.w.org\/{rel}","templated":true}]}}