{"id":51162,"date":"2024-09-12T10:32:00","date_gmt":"2024-09-12T13:32:00","guid":{"rendered":"https:\/\/www.radiopresidenteibanez.cl\/web\/?p=51162"},"modified":"2024-09-12T08:35:59","modified_gmt":"2024-09-12T11:35:59","slug":"umag-y-cesfam-de-puerto-natales-se-unen-para-promover-la-prevencion-del-suicidio-con-nuevas-placas-informativas-de-linea-telefonica-4141","status":"publish","type":"post","link":"https:\/\/www.radiopresidenteibanez.cl\/web\/umag-y-cesfam-de-puerto-natales-se-unen-para-promover-la-prevencion-del-suicidio-con-nuevas-placas-informativas-de-linea-telefonica-4141\/","title":{"rendered":"UMAG Y CESFAM DE PUERTO NATALES SE UNEN PARA PROMOVER LA PREVENCI\u00d3N DEL SUICIDIO CON NUEVAS PLACAS INFORMATIVAS DE L\u00cdNEA TELEF\u00d3NICA *4141"},"content":{"rendered":"\n<p>En el marco del D\u00eda Mundial de la Prevenci\u00f3n del Suicidio, dos nuevas entidades se sumaron a la<br>difusi\u00f3n de la l\u00ednea telef\u00f3nica de ayuda y orientaci\u00f3n *4141 \u201cNo est\u00e1s Solo, No est\u00e1s Sola\u201d, a<br>trav\u00e9s de la instalaci\u00f3n e inauguraci\u00f3n de placas informativas.<br>La primera de ellas fue inaugurada en la Direcci\u00f3n de Asuntos Estudiantiles (DAE) de la Universidad<br>de Magallanes (UMAG), con presencia de la Seremi de Salud, Francisca Sanfuentes y directivos de<br>la casa de estudios, adem\u00e1s de los integrantes de la mesa de prevenci\u00f3n del suicidio, que en forma<br>previa a este hito realizaron una sesi\u00f3n de trabajo, resaltando tambi\u00e9n esta conmemoraci\u00f3n.<br>El D\u00eda de la Prevenci\u00f3n del Suicidio es una fecha dedicada a generar conciencia, promover el<br>cambio y brindar un sentido de comunidad y comprensi\u00f3n para quienes han vivido o est\u00e1n<br>viviendo una experiencia de suicidio. El lema de este a\u00f1o es #ConversarNosCuida, el cual, es una<br>invitaci\u00f3n a abrir la conversaci\u00f3n y ofrecer apoyo a quienes est\u00e1n atravesando momentos dif\u00edciles<br>y que podr\u00edan estar en riesgo de suicidio.<br>La Seremi Francisca Sanfuentes sostuvo que es muy relevante el trabajo que se ha realizado en<br>conjunto con la DAE, el cual ha sido sostenido en el tiempo en distintas tem\u00e1ticas de prevenci\u00f3n<br>de salud, y en particular, en todo lo que significa la salud mental de los estudiantes, y en este caso,<br>la prevenci\u00f3n de suicidio. \u201cHoy d\u00eda estamos instalando esta placa que tiene el n\u00famero de la l\u00ednea<br>telef\u00f3nica *4141, a trav\u00e9s de la cual se puede acceder en momentos de crisis de salud mental o de<br>ideaci\u00f3n suicida a un equipo de psic\u00f3logos especialistas que realizan una primera intervenci\u00f3n<br>orientada a la contenci\u00f3n y posterior derivaci\u00f3n a la red asistencial. Es muy importante instalar<br>esta placa en el DAE, el cual es un espacio de alto flujo de j\u00f3venes, ya que estas l\u00edneas telef\u00f3nicas<br>son muy \u00fatiles y est\u00e1 demostrado su aporte en la prevenci\u00f3n del suicidio\u201d, indic\u00f3 la autoridad.<br>Paola Aguilar, psicolog\u00eda de la DAE, se\u00f1al\u00f3 que: \u201cValoramos la instalaci\u00f3n de esta placa<br>informativa, la cual da la posibilidad a este gran grupo etario que son los estudiantes y que se<br>enfrentan a situaciones de estr\u00e9s acad\u00e9mico, a que pueda recurrir a esta l\u00ednea. Explic\u00f3 que como<br>DAE, a nivel de consejer\u00eda, cuentan con la atenci\u00f3n de 6 psic\u00f3logos y una psiquiatra destinada a los<br>estudiantes\u201d.<br>El Rector de la UMAG, Jos\u00e9 Maripani, hizo llegar un mensaje virtual con motivo del D\u00eda de Mundial<br>de la Prevenci\u00f3n del Suicidio, se\u00f1alando que esta fecha nos insta a reflexionar y darle el valor a la<br>conversaci\u00f3n. \u201cEl lema de este a\u00f1o es #ConversarNosCuida y es una invitaci\u00f3n a abrir el dialogo y<br>brindar apoyo a quienes est\u00e1n atravesando momentos dif\u00edciles, a quienes podr\u00edan estar en riesgo<\/p>\n\n\n\n<p>de suicidio. Agreg\u00f3 que abrir una conversaci\u00f3n, puede ayudar a aliviar el dolor emocional de<br>alguien, que no est\u00e1n solos y que siempre hay ayuda disponible\u201d.<br>Agreg\u00f3 como Universidad les preocupa el bienestar de los estudiantes, especialmente en lo<br>relacionado a la salud mental. \u201cDesde Hace 23 a\u00f1os contamos con una consejer\u00eda en salud mental<br>que brinda orientaci\u00f3n y tratamiento a nivel primario, adem\u00e1s de promover y prevenir en este<br>\u00e1mbito\u201d.<br>Valor\u00f3 la instalaci\u00f3n de la placa de la l\u00ednea *4141 como un trabajo en conjunto con la DAE, la Mesa<br>de Prevenci\u00f3n de Suicidio y la Seremi de Salud, la cual es un recordatorio en que momentos<br>dif\u00edciles, siempre hay alguien dispuesto a escuchar y ayudar. \u201cTodos y todas juntos podemos<br>trabajar por una sociedad donde la prevenci\u00f3n del suicidio sea una prioridad y donde cada<br>persona se sienta respaldada y comprendida\u201d.<br>Puerto Natales<br>En el Cesfam Dr. Juan Lozic de Puerto Natales fue instalada e inaugurada la segunda placa<br>informativa *4141 \u201cNo est\u00e1s Solo, No est\u00e1s Sola\u201d, acto que cont\u00f3 con la presencia del Delegado<br>Presidencial Provincial, Guillermo Ruiz Santana, la alcaldesa protocolar, Ver\u00f3nica P\u00e9rez<br>Magdalena, el Director de Salud, Guillermo L\u00f3pez Jara, la directora del CESFAM, Geraldine Valencia<br>Galindo y la Jefa de la Oficina Provincial de la SEREMI de Salud, Paulina Barrientos Vera.<br>El Delegado Presidencial, Guillermo Ruiz, indic\u00f3 que lo principal es la prevenci\u00f3n y como<br>\u201cGobierno estamos muy interesado en fomentar la informaci\u00f3n sobre la prevenci\u00f3n y como ser<br>agentes de cambio y prevenci\u00f3n. Es importante estar atentos a los comportamientos de nuestros<br>cercanos e informarnos sobre las pol\u00edticas de prevenci\u00f3n\u201d.<br>La Directora del Cesfam, Geraldine Valencia, manifest\u00f3 que es muy importante que los usuarios<br>puedan conocer el n\u00famero *4141 al cual pueden acceder y comprender que el hablar es muy<br>importante en la prevenci\u00f3n. \u201cComo centro de Salud tambi\u00e9n se cuenta con una dupla psicosocial,<br>la cual est\u00e1 de lunes a viernes de 18:00 a 22:00 horas para contenci\u00f3n en caso de una crisis. Como<br>Cesfam seguiremos trabajando en actividades de prevenci\u00f3n y promoci\u00f3n para evitar los intentos<br>de suicidio y acompa\u00f1ar a los usuarios en el momento que lo requieran\u201d.<br>En tanto Paulina Barrientos Vera, jefa de la oficina provincial de la SEREMI de Salud, se\u00f1al\u00f3 que<br>esta actividad es de suma importancia dado el rol de prevenci\u00f3n y promoci\u00f3n de la atenci\u00f3n<br>primaria y la cantidad de usuarios a los que se puede llegar. \u201cEs importante que exista difusi\u00f3n y<br>que los usuarios sepan de la existencia de la l\u00ednea *4141, que atiende todos los d\u00edas de la semana,<br>las 24 horas del d\u00eda con profesionales que est\u00e1n capacitados para realizar una intervenci\u00f3n en<br>momentos de crisis\u201d.<\/p>\n","protected":false},"excerpt":{"rendered":"<p>En el marco del D\u00eda Mundial de la Prevenci\u00f3n del Suicidio, dos nuevas entidades se sumaron a ladifusi\u00f3n de la l\u00ednea telef\u00f3nica de ayuda y orientaci\u00f3n *4141 \u201cNo est\u00e1s Solo,&#8230; <a class=\"read-more\" href=\"https:\/\/www.radiopresidenteibanez.cl\/web\/umag-y-cesfam-de-puerto-natales-se-unen-para-promover-la-prevencion-del-suicidio-con-nuevas-placas-informativas-de-linea-telefonica-4141\/\">Leer m\u00e1s<\/a><\/p>\n","protected":false},"author":2,"featured_media":51163,"comment_status":"closed","ping_status":"closed","sticky":false,"template":"","format":"standard","meta":{"footnotes":""},"categories":[1],"tags":[],"class_list":["post-51162","post","type-post","status-publish","format-standard","has-post-thumbnail","hentry","category-cronica"],"_links":{"self":[{"href":"https:\/\/www.radiopresidenteibanez.cl\/web\/wp-json\/wp\/v2\/posts\/51162","targetHints":{"allow":["GET"]}}],"collection":[{"href":"https:\/\/www.radiopresidenteibanez.cl\/web\/wp-json\/wp\/v2\/posts"}],"about":[{"href":"https:\/\/www.radiopresidenteibanez.cl\/web\/wp-json\/wp\/v2\/types\/post"}],"author":[{"embeddable":true,"href":"https:\/\/www.radiopresidenteibanez.cl\/web\/wp-json\/wp\/v2\/users\/2"}],"replies":[{"embeddable":true,"href":"https:\/\/www.radiopresidenteibanez.cl\/web\/wp-json\/wp\/v2\/comments?post=51162"}],"version-history":[{"count":0,"href":"https:\/\/www.radiopresidenteibanez.cl\/web\/wp-json\/wp\/v2\/posts\/51162\/revisions"}],"wp:featuredmedia":[{"embeddable":true,"href":"https:\/\/www.radiopresidenteibanez.cl\/web\/wp-json\/wp\/v2\/media\/51163"}],"wp:attachment":[{"href":"https:\/\/www.radiopresidenteibanez.cl\/web\/wp-json\/wp\/v2\/media?parent=51162"}],"wp:term":[{"taxonomy":"category","embeddable":true,"href":"https:\/\/www.radiopresidenteibanez.cl\/web\/wp-json\/wp\/v2\/categories?post=51162"},{"taxonomy":"post_tag","embeddable":true,"href":"https:\/\/www.radiopresidenteibanez.cl\/web\/wp-json\/wp\/v2\/tags?post=51162"}],"curies":[{"name":"wp","href":"https:\/\/api.w.org\/{rel}","templated":true}]}}