{"id":5115,"date":"2019-06-18T14:14:29","date_gmt":"2019-06-18T14:14:29","guid":{"rendered":"http:\/\/www.radiopresidenteibanez.cl\/web\/?p=5115"},"modified":"2019-06-18T14:15:03","modified_gmt":"2019-06-18T14:15:03","slug":"tabsa-dona-ropa-a-personas-en-situacion-de-calle-en-puerto-natales","status":"publish","type":"post","link":"https:\/\/www.radiopresidenteibanez.cl\/web\/tabsa-dona-ropa-a-personas-en-situacion-de-calle-en-puerto-natales\/","title":{"rendered":"TABSA DONA ROPA A PERSONAS EN SITUACI\u00d3N DE CALLE EN PUERTO NATALES"},"content":{"rendered":"\n<p>absa don\u00f3 parkas a personas en situaci\u00f3n de calle y de abandono en Puerto Natales con el prop\u00f3sito de protegerlos del frio invernal. La iniciativa fue liderada por la concejal de Puerto Natales, Ver\u00f3nica Perez quien en forma permanente ayuda a personas en dicha situaci\u00f3n en la capital de \u00daltima Esperanza.<\/p>\n\n\n\n<p>La donaci\u00f3n se hizo coincidir con el 108 Aniversario de Puerto Natales y fue muy bien recibida por los beneficiarios. La entrega de la ropa fue concretada por el gerente general de la empresa, Alejandro Kusanovic y la concejala Ver\u00f3nica Perez.<\/p>\n\n\n\n<p>\u201cCon estas parkas van a andar calentitos los d\u00edas tanto frio, con temperaturas bajo cero\u201d, destac\u00f3 la edil quien tambi\u00e9n explic\u00f3 hace algunos d\u00edas se activ\u00f3 un hogar de emergencia del que se hizo cargo la Municipalidad de Puerto Natales.<\/p>\n\n\n\n<p>\u201cEs una tremenda ayuda, lo agradecieron mucho al igual que yo a don Alejandro (Kusanovic)\u201d, dijo finalmente Ver\u00f3nica P\u00e9rez.<\/p>\n\n\n\n<figure class=\"wp-block-image\"><img loading=\"lazy\" decoding=\"async\" width=\"900\" height=\"574\" src=\"https:\/\/www.radiopresidenteibanez.cl\/web\/wp-content\/uploads\/2019\/06\/WhatsApp-Image-2019-06-04-at-14.47.54.jpeg\" alt=\"\" class=\"wp-image-5116\" srcset=\"https:\/\/www.radiopresidenteibanez.cl\/web\/wp-content\/uploads\/2019\/06\/WhatsApp-Image-2019-06-04-at-14.47.54.jpeg 900w, https:\/\/www.radiopresidenteibanez.cl\/web\/wp-content\/uploads\/2019\/06\/WhatsApp-Image-2019-06-04-at-14.47.54-300x191.jpeg 300w, https:\/\/www.radiopresidenteibanez.cl\/web\/wp-content\/uploads\/2019\/06\/WhatsApp-Image-2019-06-04-at-14.47.54-768x490.jpeg 768w\" sizes=\"auto, (max-width: 900px) 100vw, 900px\" \/><\/figure>\n","protected":false},"excerpt":{"rendered":"<p>absa don\u00f3 parkas a personas en situaci\u00f3n de calle y de abandono en Puerto Natales con el prop\u00f3sito de protegerlos del frio invernal. La iniciativa fue liderada por la concejal&#8230; <a class=\"read-more\" href=\"https:\/\/www.radiopresidenteibanez.cl\/web\/tabsa-dona-ropa-a-personas-en-situacion-de-calle-en-puerto-natales\/\">Leer m\u00e1s<\/a><\/p>\n","protected":false},"author":2,"featured_media":5116,"comment_status":"closed","ping_status":"closed","sticky":false,"template":"","format":"standard","meta":{"footnotes":""},"categories":[1],"tags":[],"class_list":["post-5115","post","type-post","status-publish","format-standard","has-post-thumbnail","hentry","category-cronica"],"_links":{"self":[{"href":"https:\/\/www.radiopresidenteibanez.cl\/web\/wp-json\/wp\/v2\/posts\/5115","targetHints":{"allow":["GET"]}}],"collection":[{"href":"https:\/\/www.radiopresidenteibanez.cl\/web\/wp-json\/wp\/v2\/posts"}],"about":[{"href":"https:\/\/www.radiopresidenteibanez.cl\/web\/wp-json\/wp\/v2\/types\/post"}],"author":[{"embeddable":true,"href":"https:\/\/www.radiopresidenteibanez.cl\/web\/wp-json\/wp\/v2\/users\/2"}],"replies":[{"embeddable":true,"href":"https:\/\/www.radiopresidenteibanez.cl\/web\/wp-json\/wp\/v2\/comments?post=5115"}],"version-history":[{"count":0,"href":"https:\/\/www.radiopresidenteibanez.cl\/web\/wp-json\/wp\/v2\/posts\/5115\/revisions"}],"wp:featuredmedia":[{"embeddable":true,"href":"https:\/\/www.radiopresidenteibanez.cl\/web\/wp-json\/wp\/v2\/media\/5116"}],"wp:attachment":[{"href":"https:\/\/www.radiopresidenteibanez.cl\/web\/wp-json\/wp\/v2\/media?parent=5115"}],"wp:term":[{"taxonomy":"category","embeddable":true,"href":"https:\/\/www.radiopresidenteibanez.cl\/web\/wp-json\/wp\/v2\/categories?post=5115"},{"taxonomy":"post_tag","embeddable":true,"href":"https:\/\/www.radiopresidenteibanez.cl\/web\/wp-json\/wp\/v2\/tags?post=5115"}],"curies":[{"name":"wp","href":"https:\/\/api.w.org\/{rel}","templated":true}]}}