{"id":51132,"date":"2024-09-11T08:18:09","date_gmt":"2024-09-11T11:18:09","guid":{"rendered":"https:\/\/www.radiopresidenteibanez.cl\/web\/?p=51132"},"modified":"2024-09-11T08:18:15","modified_gmt":"2024-09-11T11:18:15","slug":"estudiantes-junto-a-sobrevivientes-de-la-dictadura-recorrieron-sitios-de-memoria-en-punta-arenas","status":"publish","type":"post","link":"https:\/\/www.radiopresidenteibanez.cl\/web\/estudiantes-junto-a-sobrevivientes-de-la-dictadura-recorrieron-sitios-de-memoria-en-punta-arenas\/","title":{"rendered":"ESTUDIANTES JUNTO A SOBREVIVIENTES DE LA DICTADURA RECORRIERON SITIOS DE MEMORIA EN PUNTA ARENAS"},"content":{"rendered":"\n<p>La Secretar\u00eda Regional Ministerial de Educaci\u00f3n, con el apoyo del Instituto Nacional de Derechos Humanos y la Agrupaci\u00f3n Hijos, Hijas, Nietos y Nietas por la Memoria, realiz\u00f3 ayer lunes la actividad denominada \u201cRuta de Memorias\u201d en la capital regional, dirigida a estudiantes de 3\u00b0 a\u00f1o medio del Liceo Polivalente Sara Braun, en el marco de la conmemoraci\u00f3n de los 51 a\u00f1os del Golpe de Estado en Chile, teniendo como objetivo el Fortalecimiento de la Democracia y la Formaci\u00f3n Ciudadana.<\/p>\n\n\n\n<p>Durante el recorrido, donde participaron distintas autoridades de gobierno, se visitaron ex centros de detenci\u00f3n y tortura que funcionaron durante la dictadura c\u00edvico militar como: el Regimiento Pudeto, Ex Asmar, el sitio donde estaba la Casa del Deportista y la Ex C\u00e1rcel P\u00fablica, con el valioso testimonio de sobrevivientes de la dictadura quienes relataron lo vivido en aquellos recintos.<\/p>\n\n\n\n<p>Cabe se\u00f1alar que tambi\u00e9n formaron parte de esta ruta el Memorial en recuerdo de Gloria Lagos Nilsson, detenida desaparecida en Santiago en 1973 (estando embarazada), y Susana Obando Co\u00f1u\u00e9, ejecutada pol\u00edtica en 1988 en Punta Arenas; y la Plaza Francisco Bettancourt Bahamonde, detenido desaparecido en1973 en Magallanes.<\/p>\n\n\n\n<p>El ex preso pol\u00edtico Manuel Rodr\u00edguez Uribe, quien hizo menci\u00f3n a su paso por Isla Dawson valor\u00f3 la iniciativa explicando que \u201cla memoria est\u00e1 inscrita en la historia y en la vida de las personas y los pueblos. Ha sido una emocionante experiencia poder compartir con alumnos y alumnas del Liceo Sara Braun de Punta Arenas, recorriendo los lugares y sitios de memoria que recuerdan a tantas personas que, por sus ideas, fueron v\u00edctimas de graves violaciones a los derechos humanos perpetradas durante la dictadura militar en Chile y en Magallanes. Nos asiste un deber irrenunciable, el deber de no olvidar, de trasladar la memoria a las nuevas generaciones para que nunca m\u00e1s\u201d.<\/p>\n\n\n\n<p>Por su parte, la profesora de Historia del establecimiento, Daniela Ruiz, expres\u00f3: \u201cEl recorrido de la memoria realizado fue para m\u00ed un momento muy especial, puesto que nos permiti\u00f3 conocer de cerca el testimonio de muchas personas que fueron v\u00edctimas del Golpe Militar y que hoy dejan un importante testimonio para las nuevas generaciones que no vivieron esto, pero que a partir de estos relatos pueden conocer una parte de nuestra historia, estoy muy agradecida de haber sido parte de esta actividad\u201d.<\/p>\n\n\n\n<p>Finalmente, el seremi de Educaci\u00f3n, Valent\u00edn Aguilera G\u00f3mez, manifest\u00f3 que \u201cesta actividad pedag\u00f3gica ha sido muy importante para nuestro Ministerio, la cual se ha replicado en la ciudad de Natales y Punta Arenas desde el a\u00f1o 2023. Agradecemos la participaci\u00f3n de las y los estudiantes del Liceo Sara Braun que atentamente escucharon los testimonios de las y los sobrevivientes en esta ruta por sitios de memoria\u201d.<\/p>\n","protected":false},"excerpt":{"rendered":"<p>La Secretar\u00eda Regional Ministerial de Educaci\u00f3n, con el apoyo del Instituto Nacional de Derechos Humanos y la Agrupaci\u00f3n Hijos, Hijas, Nietos y Nietas por la Memoria, realiz\u00f3 ayer lunes la&#8230; <a class=\"read-more\" href=\"https:\/\/www.radiopresidenteibanez.cl\/web\/estudiantes-junto-a-sobrevivientes-de-la-dictadura-recorrieron-sitios-de-memoria-en-punta-arenas\/\">Leer m\u00e1s<\/a><\/p>\n","protected":false},"author":2,"featured_media":51133,"comment_status":"closed","ping_status":"closed","sticky":false,"template":"","format":"standard","meta":{"footnotes":""},"categories":[1],"tags":[],"class_list":["post-51132","post","type-post","status-publish","format-standard","has-post-thumbnail","hentry","category-cronica"],"_links":{"self":[{"href":"https:\/\/www.radiopresidenteibanez.cl\/web\/wp-json\/wp\/v2\/posts\/51132","targetHints":{"allow":["GET"]}}],"collection":[{"href":"https:\/\/www.radiopresidenteibanez.cl\/web\/wp-json\/wp\/v2\/posts"}],"about":[{"href":"https:\/\/www.radiopresidenteibanez.cl\/web\/wp-json\/wp\/v2\/types\/post"}],"author":[{"embeddable":true,"href":"https:\/\/www.radiopresidenteibanez.cl\/web\/wp-json\/wp\/v2\/users\/2"}],"replies":[{"embeddable":true,"href":"https:\/\/www.radiopresidenteibanez.cl\/web\/wp-json\/wp\/v2\/comments?post=51132"}],"version-history":[{"count":0,"href":"https:\/\/www.radiopresidenteibanez.cl\/web\/wp-json\/wp\/v2\/posts\/51132\/revisions"}],"wp:featuredmedia":[{"embeddable":true,"href":"https:\/\/www.radiopresidenteibanez.cl\/web\/wp-json\/wp\/v2\/media\/51133"}],"wp:attachment":[{"href":"https:\/\/www.radiopresidenteibanez.cl\/web\/wp-json\/wp\/v2\/media?parent=51132"}],"wp:term":[{"taxonomy":"category","embeddable":true,"href":"https:\/\/www.radiopresidenteibanez.cl\/web\/wp-json\/wp\/v2\/categories?post=51132"},{"taxonomy":"post_tag","embeddable":true,"href":"https:\/\/www.radiopresidenteibanez.cl\/web\/wp-json\/wp\/v2\/tags?post=51132"}],"curies":[{"name":"wp","href":"https:\/\/api.w.org\/{rel}","templated":true}]}}