{"id":5112,"date":"2019-06-18T14:07:33","date_gmt":"2019-06-18T14:07:33","guid":{"rendered":"http:\/\/www.radiopresidenteibanez.cl\/web\/?p=5112"},"modified":"2019-06-18T14:07:55","modified_gmt":"2019-06-18T14:07:55","slug":"gobernadora-de-ultima-esperanza-anuncio-la-reposicion-de-emblematico-jardin-infantil-los-cisnes-de-puerto-natales","status":"publish","type":"post","link":"https:\/\/www.radiopresidenteibanez.cl\/web\/gobernadora-de-ultima-esperanza-anuncio-la-reposicion-de-emblematico-jardin-infantil-los-cisnes-de-puerto-natales\/","title":{"rendered":"GOBERNADORA DE \u00daLTIMA ESPERANZA ANUNCI\u00d3 LA REPOSICI\u00d3N DE EMBLEM\u00c1TICO JARD\u00cdN INFANTIL \u201cLOS CISNES\u201d DE PUERTO NATALES"},"content":{"rendered":"\n<p>La Gobernadora de \u00daltima\nEsperanza, Ana Mayorga Bahamomde, se traslad\u00f3 hasta el Jard\u00edn Infantil \u201cLos\nCisnes\u201d de Puerto Natales con el objetivo de entregar un importante anuncio a\ntoda la comunidad escolar. A partir de septiembre de este a\u00f1o, se dar\u00e1 comienzo\na la ampliaci\u00f3n, reparaci\u00f3n y renovaci\u00f3n de este emblem\u00e1tico jard\u00edn, todo esto\ntras conseguir la aprobaci\u00f3n de los fondos luego de a\u00f1os de gesti\u00f3n de la\nm\u00e1xima autoridad provincial en conjunto con Junji Magallanes y la Ilustre\nMunicipalidad de Natales.<\/p>\n\n\n\n<p>En la ocasi\u00f3n, la Gobernadora\npudo compartir con los menores de dicho jard\u00edn y se mostr\u00f3 entusiasmada por el\nambicioso proyecto que beneficiar\u00e1 a m\u00e1s de 170 ni\u00f1os de la capital de la\nProvincia de \u00daltima Esperanza. \u201cComo ha mencionado nuestro Presidente Sebasti\u00e1n\nPi\u00f1era los ni\u00f1os est\u00e1n primero, en todo \u00e1mbito, est\u00e1n el coraz\u00f3n del Gobierno.\nHoy d\u00eda damos cuenta a la comunidad que este jard\u00edn se va a reponer en su\ntotalidad, que va a crecer en matr\u00edcula, que va a permitir que alrededor de 170\nni\u00f1os tengan un mejor espacio. Esto va a posibilitar que nuestros ni\u00f1os y ni\u00f1as\ntengan un mejor espacio y puedan acceder de manera universal a la educaci\u00f3n en\nsu primera infancia\u201d, enfatiz\u00f3 la m\u00e1xima autoridad provincial.<\/p>\n\n\n\n<p>La actividad tambi\u00e9n\ncont\u00f3 con la presencia de la Directora Regional (s) de Junji Magallanes, Marisol\nVillegas N\u00fa\u00f1ez, quien indic\u00f3 que el siguiente paso de este proyecto es reubicar\na los menores en nuevos establecimientos, mientras perdure la reposici\u00f3n.\n\u201cAhora tenemos que ver d\u00f3nde vamos a trasladar a los ni\u00f1os, que van a estar en\nun lugar completamente habilitado y en buenas condiciones, para que las\nfamilias est\u00e9n tranquilas con respecto de eso. Nosotros como Junji velamos por\nlos derechos de los ni\u00f1os, es por esto, que hacemos un llamado a la\ntranquilidad\u201d, dijo la autoridad.<\/p>\n\n\n\n<p>En esa misma l\u00ednea, el alcalde\nde Puerto Natales, Fernando Paredes Mansilla, destac\u00f3 la gesti\u00f3n por parte de\nla Junji se\u00f1alando que \u201cquiero valorar la visi\u00f3n que han tenido de poder\nentender que, mientras se realicen las construcciones pertinentes, ellos\nrealizar\u00e1n el arriendo de otro inmueble para asegurar, con absoluta normalidad,\nla realizaci\u00f3n de las actividades rutinarias de los p\u00e1rvulos, mientras los\npadres trabajan y se esfuerzan para entregarles un futuro mejor. Ese es el\nesp\u00edritu que me gustar\u00eda resaltar\u201d, indic\u00f3 el \u00e9dil.<\/p>\n\n\n\n<p>Por otra parte, el representante\ndel Centro de Padres, Rony Andrade, no ocult\u00f3 su felicidad por la realizaci\u00f3n de\neste ambicioso proyecto que mejorar\u00e1 la calidad de vida de los menores.\n\u201cPrimero que todo, muy contento por la noticia. Sin duda alguna, ir\u00e1 en directo\nbeneficio de nuestros ni\u00f1os natalinos y complementar\u00e1 la labor de los docentes,\nque siempre ha sido de excelente calidad\u201d, concluy\u00f3.<\/p>\n\n\n\n<p>Finalmente, se espera que el proyecto, que tendr\u00e1 una inversi\u00f3n superior a los 2060 millones de pesos, se encuentre finalizado a principios de marzo de 2021, lo que permitir\u00e1 a toda la comunidad del jard\u00edn infantil \u201cLos Cisnes \u201ccomenzar de la mejor forma la temporada escolar.<\/p>\n\n\n\n<figure class=\"wp-block-image\"><img loading=\"lazy\" decoding=\"async\" width=\"960\" height=\"720\" src=\"https:\/\/www.radiopresidenteibanez.cl\/web\/wp-content\/uploads\/2019\/06\/64476334_1024267124433963_3301302504418967552_n.jpg\" alt=\"\" class=\"wp-image-5113\" srcset=\"https:\/\/www.radiopresidenteibanez.cl\/web\/wp-content\/uploads\/2019\/06\/64476334_1024267124433963_3301302504418967552_n.jpg 960w, https:\/\/www.radiopresidenteibanez.cl\/web\/wp-content\/uploads\/2019\/06\/64476334_1024267124433963_3301302504418967552_n-300x225.jpg 300w, https:\/\/www.radiopresidenteibanez.cl\/web\/wp-content\/uploads\/2019\/06\/64476334_1024267124433963_3301302504418967552_n-768x576.jpg 768w\" sizes=\"auto, (max-width: 960px) 100vw, 960px\" \/><\/figure>\n","protected":false},"excerpt":{"rendered":"<p>La Gobernadora de \u00daltima Esperanza, Ana Mayorga Bahamomde, se traslad\u00f3 hasta el Jard\u00edn Infantil \u201cLos Cisnes\u201d de Puerto Natales con el objetivo de entregar un importante anuncio a toda la&#8230; <a class=\"read-more\" href=\"https:\/\/www.radiopresidenteibanez.cl\/web\/gobernadora-de-ultima-esperanza-anuncio-la-reposicion-de-emblematico-jardin-infantil-los-cisnes-de-puerto-natales\/\">Leer m\u00e1s<\/a><\/p>\n","protected":false},"author":2,"featured_media":5113,"comment_status":"closed","ping_status":"closed","sticky":false,"template":"","format":"standard","meta":{"footnotes":""},"categories":[1],"tags":[],"class_list":["post-5112","post","type-post","status-publish","format-standard","has-post-thumbnail","hentry","category-cronica"],"_links":{"self":[{"href":"https:\/\/www.radiopresidenteibanez.cl\/web\/wp-json\/wp\/v2\/posts\/5112","targetHints":{"allow":["GET"]}}],"collection":[{"href":"https:\/\/www.radiopresidenteibanez.cl\/web\/wp-json\/wp\/v2\/posts"}],"about":[{"href":"https:\/\/www.radiopresidenteibanez.cl\/web\/wp-json\/wp\/v2\/types\/post"}],"author":[{"embeddable":true,"href":"https:\/\/www.radiopresidenteibanez.cl\/web\/wp-json\/wp\/v2\/users\/2"}],"replies":[{"embeddable":true,"href":"https:\/\/www.radiopresidenteibanez.cl\/web\/wp-json\/wp\/v2\/comments?post=5112"}],"version-history":[{"count":0,"href":"https:\/\/www.radiopresidenteibanez.cl\/web\/wp-json\/wp\/v2\/posts\/5112\/revisions"}],"wp:featuredmedia":[{"embeddable":true,"href":"https:\/\/www.radiopresidenteibanez.cl\/web\/wp-json\/wp\/v2\/media\/5113"}],"wp:attachment":[{"href":"https:\/\/www.radiopresidenteibanez.cl\/web\/wp-json\/wp\/v2\/media?parent=5112"}],"wp:term":[{"taxonomy":"category","embeddable":true,"href":"https:\/\/www.radiopresidenteibanez.cl\/web\/wp-json\/wp\/v2\/categories?post=5112"},{"taxonomy":"post_tag","embeddable":true,"href":"https:\/\/www.radiopresidenteibanez.cl\/web\/wp-json\/wp\/v2\/tags?post=5112"}],"curies":[{"name":"wp","href":"https:\/\/api.w.org\/{rel}","templated":true}]}}