{"id":51115,"date":"2024-09-10T13:55:00","date_gmt":"2024-09-10T16:55:00","guid":{"rendered":"https:\/\/www.radiopresidenteibanez.cl\/web\/?p=51115"},"modified":"2024-09-10T10:51:52","modified_gmt":"2024-09-10T13:51:52","slug":"programa-mi-abogado-magallanes-participa-en-condena-historica-de-presidio-perpetuo-calificado-en-caso-de-femicidio","status":"publish","type":"post","link":"https:\/\/www.radiopresidenteibanez.cl\/web\/programa-mi-abogado-magallanes-participa-en-condena-historica-de-presidio-perpetuo-calificado-en-caso-de-femicidio\/","title":{"rendered":"Programa Mi Abogado Magallanes participa en condena hist\u00f3rica de presidio perpetuo calificado en caso de femicidio"},"content":{"rendered":"\n<p>La&nbsp;<strong>Corte de Apelaciones de Punta Arenas<\/strong>, con fecha 2 de septiembre, confirm\u00f3 el rechazo del recurso de nulidad presentado por la defensa del individuo condenado por femicidio, sentencia hist\u00f3rica que impuso presidio perpetuo calificado y que fue obtenida gracias a la representaci\u00f3n de los tres hijos de la v\u00edctima por parte del&nbsp;<strong>Programa Mi Abogado, perteneciente a la Corporaci\u00f3n de Asistencia Judicial<\/strong>.<\/p>\n\n\n\n<p>La abogada querellante y curadora ad litem,&nbsp;<strong>Claudia Guerrero<\/strong>, destac\u00f3 la importancia de la participaci\u00f3n activa de los hijos de la v\u00edctima en el proceso judicial, resguardando siempre sus derechos, as\u00ed como la importancia de que su testimonio fuera escuchado durante el&nbsp;<a href=\"https:\/\/www.cajmetro.cl\/cavi-y-pma-rm-logran-condenas-que-suman-27-anos-de-carcel-por-delitos-sexuales-contra-nna\/\" target=\"_blank\" rel=\"noreferrer noopener\">proceso judicial<\/a>.<\/p>\n\n\n\n<p><strong>\u201cAs\u00ed, queda ejecutoriada una sentencia hist\u00f3rica en nuestra regi\u00f3n\u201d, se\u00f1al\u00f3, subrayando que la intervenci\u00f3n de los querellantes fue decisiva para que el Tribunal Oral en lo Penal de Punta Arenas acogiera la solicitud de presidio perpetuo calificado en lugar del presidio perpetuo simple, inicialmente solicitado por el Ministerio P\u00fablico.<\/strong><\/p>\n\n\n\n<p>Abogada querellante y curadora ad litem, Claudia Guerrero<\/p>\n\n\n\n<p>\u201cEl PMA incluye un equipo conformado por abogados, psic\u00f3logos y trabajadores sociales, quienes coordinan con diversas instituciones para asegurar el bienestar de nuestros representados\u201d<\/p>\n\n\n\n<p>La pena m\u00e1xima que contempla el ordenamiento jur\u00eddico chileno implica que el condenado&nbsp;<strong>no podr\u00e1 optar a ning\u00fan beneficio penitenciario durante los pr\u00f3ximos 40 a\u00f1os<\/strong>.<\/p>\n\n\n\n<p>El programa<strong>&nbsp;no solo brinda apoyo legal, sino que tambi\u00e9n ofrece una intervenci\u00f3n interdisciplinaria<\/strong>&nbsp;para garantizar la restituci\u00f3n de los derechos de ni\u00f1os, ni\u00f1as y adolescentes afectados por delitos de violencia. \u201cIncluye un equipo conformado por abogados, psic\u00f3logos y trabajadores sociales, quienes coordinan con diversas instituciones para asegurar el bienestar de nuestros representados\u201d, indic\u00f3 Guerrero.<\/p>\n\n\n\n<p>El fallo marca un precedente en la regi\u00f3n, no solo por la severidad de la sentencia,<strong>&nbsp;sino tambi\u00e9n por el llamado a las v\u00edctimas y sus familias a participar activamente en los procesos judiciales, utilizando la querella como herramienta clave para ser escuchadas y representadas.<\/strong><\/p>\n\n\n\n<p>Este veredicto es un<strong>&nbsp;avance importante en la lucha por la justicia para las v\u00edctimas indirectas de la violencia de g\u00e9nero, como los hijos de la v\u00edctima<\/strong>, quienes, a trav\u00e9s de esta condena, obtienen una forma de reparaci\u00f3n jur\u00eddica y social.<\/p>\n","protected":false},"excerpt":{"rendered":"<p>La&nbsp;Corte de Apelaciones de Punta Arenas, con fecha 2 de septiembre, confirm\u00f3 el rechazo del recurso de nulidad presentado por la defensa del individuo condenado por femicidio, sentencia hist\u00f3rica que&#8230; <a class=\"read-more\" href=\"https:\/\/www.radiopresidenteibanez.cl\/web\/programa-mi-abogado-magallanes-participa-en-condena-historica-de-presidio-perpetuo-calificado-en-caso-de-femicidio\/\">Leer m\u00e1s<\/a><\/p>\n","protected":false},"author":2,"featured_media":51116,"comment_status":"closed","ping_status":"closed","sticky":false,"template":"","format":"standard","meta":{"footnotes":""},"categories":[1],"tags":[],"class_list":["post-51115","post","type-post","status-publish","format-standard","has-post-thumbnail","hentry","category-cronica"],"_links":{"self":[{"href":"https:\/\/www.radiopresidenteibanez.cl\/web\/wp-json\/wp\/v2\/posts\/51115","targetHints":{"allow":["GET"]}}],"collection":[{"href":"https:\/\/www.radiopresidenteibanez.cl\/web\/wp-json\/wp\/v2\/posts"}],"about":[{"href":"https:\/\/www.radiopresidenteibanez.cl\/web\/wp-json\/wp\/v2\/types\/post"}],"author":[{"embeddable":true,"href":"https:\/\/www.radiopresidenteibanez.cl\/web\/wp-json\/wp\/v2\/users\/2"}],"replies":[{"embeddable":true,"href":"https:\/\/www.radiopresidenteibanez.cl\/web\/wp-json\/wp\/v2\/comments?post=51115"}],"version-history":[{"count":0,"href":"https:\/\/www.radiopresidenteibanez.cl\/web\/wp-json\/wp\/v2\/posts\/51115\/revisions"}],"wp:featuredmedia":[{"embeddable":true,"href":"https:\/\/www.radiopresidenteibanez.cl\/web\/wp-json\/wp\/v2\/media\/51116"}],"wp:attachment":[{"href":"https:\/\/www.radiopresidenteibanez.cl\/web\/wp-json\/wp\/v2\/media?parent=51115"}],"wp:term":[{"taxonomy":"category","embeddable":true,"href":"https:\/\/www.radiopresidenteibanez.cl\/web\/wp-json\/wp\/v2\/categories?post=51115"},{"taxonomy":"post_tag","embeddable":true,"href":"https:\/\/www.radiopresidenteibanez.cl\/web\/wp-json\/wp\/v2\/tags?post=51115"}],"curies":[{"name":"wp","href":"https:\/\/api.w.org\/{rel}","templated":true}]}}