{"id":51082,"date":"2024-09-09T11:29:00","date_gmt":"2024-09-09T14:29:00","guid":{"rendered":"https:\/\/www.radiopresidenteibanez.cl\/web\/?p=51082"},"modified":"2024-09-09T10:45:54","modified_gmt":"2024-09-09T13:45:54","slug":"21-de-septiembre-ad-portas-de-convertirse-en-feriado-por-la-toma-de-posesion-del-estrecho-de-magallanes","status":"publish","type":"post","link":"https:\/\/www.radiopresidenteibanez.cl\/web\/21-de-septiembre-ad-portas-de-convertirse-en-feriado-por-la-toma-de-posesion-del-estrecho-de-magallanes\/","title":{"rendered":"21 DE SEPTIEMBRE AD PORTAS DE CONVERTIRSE EN FERIADO POR LA TOMA DE POSESION DEL ESTRECHO DE MAGALLANES"},"content":{"rendered":"\n<p>En un hecho hist\u00f3rico para la regi\u00f3n de Magallanes y para la comunidad chilota, la Comisi\u00f3n de Gobierno Interior de la C\u00e1mara de Diputadas y Diputados aprob\u00f3&nbsp;declarar feriado el 21 de septiembre por la proeza de la Goleta Ancud y la Tome de Posesi\u00f3n del Estrecho de Magallanes en 1883.<\/p>\n\n\n\n<p>Ahora, tras su aprobaci\u00f3n en la C\u00e1mara, el proyecto continuar\u00e1 su&nbsp;tr\u00e1mite legislativo en el Senado, primero en las comisiones de Gobierno y de Hacienda, para luego ser discutido en la Sala durante la pr\u00f3xima semana.<\/p>\n\n\n\n<p>Se espera que el martes siguiente reciba el visto bueno de la C\u00e1mara Alta y pase a la Baja nuevamente, para el&nbsp;mi\u00e9rcoles 11 ser despachado con el fin de convertirse en Ley de la Rep\u00fablica.<\/p>\n\n\n\n<p>\u201cHemos tenido la disposici\u00f3n del Gobierno para llevar adelante esta iniciativa, ahora faltan los \u00faltimos pasos para que sea ley. Esto nos permite poder disponer de recursos para tener agrupaciones chilotas y poder realizar una fiesta con la comunidad\u201d, destac\u00f3 el Gobernador Jorge Flies.<\/p>\n\n\n\n<p>Asimismo, la primera autoridad regional, manifest\u00f3 que \u201ctenemos el compromiso de este Gobierno para que este feriado sea permanente. Nosotros no tenemos dudas que el feriado regional debe ser el 21 de septiembre en reconocimiento de lo significa esta gesta y en reconocimiento al pueblo chilote\u201d.<\/p>\n\n\n\n<p>Por su parte Faustino Aguilar, representante de la Comunidad Chilota, expres\u00f3 que \u201cestamos muy contentos porque era algo que esper\u00e1bamos con anhelos, con ganas y sab\u00edamos que nuestras autoridades estaban trabajando para eso. Esta es la fecha m\u00e1s importante para la regi\u00f3n\u201d.<\/p>\n\n\n\n<p>En la misma l\u00ednea, el diputado Carlos Bianchi, se\u00f1al\u00f3 que \u201cla idea es que hoy todos los chilotes se sientan orgullosos de sus or\u00edgenes. Esto es un enorme reconocimiento para todos los hombres y mujeres que poblaron los diferentes barrios de Punta Arenas y que realizaron una tremenda contribuci\u00f3n para la zona\u201d.<\/p>\n\n\n\n<p>Finalmente, el alcalde Claudio Radonich, dijo que \u201cesto es un reconocimiento a todos los dirigentes chilotes y donde todos los vecinos se ven beneficiados. Este es un triunfo de la regi\u00f3n\u201d.<\/p>\n","protected":false},"excerpt":{"rendered":"<p>En un hecho hist\u00f3rico para la regi\u00f3n de Magallanes y para la comunidad chilota, la Comisi\u00f3n de Gobierno Interior de la C\u00e1mara de Diputadas y Diputados aprob\u00f3&nbsp;declarar feriado el 21&#8230; <a class=\"read-more\" href=\"https:\/\/www.radiopresidenteibanez.cl\/web\/21-de-septiembre-ad-portas-de-convertirse-en-feriado-por-la-toma-de-posesion-del-estrecho-de-magallanes\/\">Leer m\u00e1s<\/a><\/p>\n","protected":false},"author":2,"featured_media":51083,"comment_status":"closed","ping_status":"closed","sticky":false,"template":"","format":"standard","meta":{"footnotes":""},"categories":[1],"tags":[],"class_list":["post-51082","post","type-post","status-publish","format-standard","has-post-thumbnail","hentry","category-cronica"],"_links":{"self":[{"href":"https:\/\/www.radiopresidenteibanez.cl\/web\/wp-json\/wp\/v2\/posts\/51082","targetHints":{"allow":["GET"]}}],"collection":[{"href":"https:\/\/www.radiopresidenteibanez.cl\/web\/wp-json\/wp\/v2\/posts"}],"about":[{"href":"https:\/\/www.radiopresidenteibanez.cl\/web\/wp-json\/wp\/v2\/types\/post"}],"author":[{"embeddable":true,"href":"https:\/\/www.radiopresidenteibanez.cl\/web\/wp-json\/wp\/v2\/users\/2"}],"replies":[{"embeddable":true,"href":"https:\/\/www.radiopresidenteibanez.cl\/web\/wp-json\/wp\/v2\/comments?post=51082"}],"version-history":[{"count":0,"href":"https:\/\/www.radiopresidenteibanez.cl\/web\/wp-json\/wp\/v2\/posts\/51082\/revisions"}],"wp:featuredmedia":[{"embeddable":true,"href":"https:\/\/www.radiopresidenteibanez.cl\/web\/wp-json\/wp\/v2\/media\/51083"}],"wp:attachment":[{"href":"https:\/\/www.radiopresidenteibanez.cl\/web\/wp-json\/wp\/v2\/media?parent=51082"}],"wp:term":[{"taxonomy":"category","embeddable":true,"href":"https:\/\/www.radiopresidenteibanez.cl\/web\/wp-json\/wp\/v2\/categories?post=51082"},{"taxonomy":"post_tag","embeddable":true,"href":"https:\/\/www.radiopresidenteibanez.cl\/web\/wp-json\/wp\/v2\/tags?post=51082"}],"curies":[{"name":"wp","href":"https:\/\/api.w.org\/{rel}","templated":true}]}}