{"id":5106,"date":"2019-06-17T16:35:24","date_gmt":"2019-06-17T16:35:24","guid":{"rendered":"http:\/\/www.radiopresidenteibanez.cl\/web\/?p=5106"},"modified":"2019-06-17T16:36:00","modified_gmt":"2019-06-17T16:36:00","slug":"ministerio-de-la-mujer-presenta-concurso-de-cuentos-para-visibilizar-el-papel-de-las-mujeres-en-nuestro-pais","status":"publish","type":"post","link":"https:\/\/www.radiopresidenteibanez.cl\/web\/ministerio-de-la-mujer-presenta-concurso-de-cuentos-para-visibilizar-el-papel-de-las-mujeres-en-nuestro-pais\/","title":{"rendered":"MINISTERIO DE LA MUJER PRESENTA CONCURSO DE CUENTOS PARA VISIBILIZAR EL PAPEL DE LAS MUJERES EN NUESTRO PA\u00cdS"},"content":{"rendered":"\n<p>Mujeres Protagonistas es un concurso de relatos breves,\npresentado por el Ministerio de la Mujer y la Equidad de G\u00e9nero, que busca\nvisibilizar mujeres que han dejado huellas en nuestro pa\u00eds. A trav\u00e9s de cuentos\nde un m\u00e1ximo de 300 palabras, las participantes podr\u00e1n reflexionar\ncreativamente sobre c\u00f3mo la mujer se ha desenvuelto en todos los espacios de la\nsociedad, especialmente en industrias hist\u00f3ricamente lideradas por hombres. <\/p>\n\n\n\n<p>Entre los relatos recibidos, un jurado experto ser\u00e1 el\nencargado de escoger a: Un primer lugar, tres menciones honrosas y un premio\nespecial al mejor cuento sobre el desempe\u00f1o de la mujer en \u00e1reas no\ntradicionales (miner\u00eda, energ\u00eda, transporte, etc.) <\/p>\n\n\n\n<p>Durante la premiaci\u00f3n, se har\u00e1 entrega de un libro con los\nmejores relatos del concurso, acompa\u00f1ado de ilustraciones realizadas por\nartistas chilenas. <\/p>\n\n\n\n<p>El cuento ganador recibir\u00e1 $1.000.000; el premio especial,\n$500.000 y las menciones honrosas, $250.000. (Ver anexo bases)<\/p>\n\n\n\n<p>En el concurso \u201cMujeres Protagonistas\u201d podr\u00e1n participar\ntodas las mujeres mayores de 15 a\u00f1os de nacionalidad chilena y extranjera\nresidentes en todo Chile, quienes podr\u00e1n enviar a trav\u00e9s de la p\u00e1gina web\nwww.mujeresprotagonistas.cl hasta 5 cuentos de un m\u00e1ximo de 300 palabras. <\/p>\n\n\n\n<p>Al respecto La Seremi de la Mujer y la Equidad de G\u00e9nero\nPatricia Mackenney Schmauk dijo: \u201cInvitamos a todas las mujeres de nuestro pa\u00eds\na participar en el concurso \u201cMujeres Protagonistas\u201d y conocer, a trav\u00e9s de sus\nrelatos, c\u00f3mo se han abierto camino y han logrado posicionarse en estos rubros para\nvisibilizar a todas aquellas mujeres capacitadas para desempe\u00f1arse en cualquier\nespacio de nuestra sociedad\u201d.<\/p>\n\n\n\n<p><strong>Bases\nprimera versi\u00f3n concurso de relatos breves Mujeres Protagonistas<\/strong><\/p>\n\n\n\n<p><strong>1.<\/strong> Podr\u00e1n participar todas las mujeres\nmayores de 15 a\u00f1os con domicilio estable en Chile, a excepci\u00f3n de los\nfamiliares directos de los integrantes del jurado del concurso. <\/p>\n\n\n\n<p><strong>2.<\/strong>Los cuentos deben estar relacionados\ncon la participaci\u00f3n de la mujer en la sociedad. <\/p>\n\n\n\n<p><strong>3.<\/strong> Los cuentos deben ser estrictamente\nin\u00e9ditos y no superar las 300 palabras, sin contar el t\u00edtulo. <\/p>\n\n\n\n<p><strong>4.<\/strong> Cada participante puede presentar un\nm\u00e1ximo de cinco cuentos, los cuales puede enviar ingresando al sitio\nhttps:\/\/www.mujeresprotagonistas.cl y siguiendo las instrucciones que ah\u00ed se\nespecifican. <\/p>\n\n\n\n<p><strong>5.<\/strong> El plazo de recepci\u00f3n se abrir\u00e1 el\nlunes 27 de mayo de 2019 y cerrar\u00e1 impostergablemente el jueves 27 de junio de\n2019, a las 20.00 horas. <\/p>\n\n\n\n<p><strong>6.<\/strong> El jurado estar\u00e1 integrado por la\nescritora Mar\u00eda Paz Rodr\u00edguez, la periodista Jenny del R\u00edo y la actriz y\ndramaturga Elisa Zulueta. <\/p>\n\n\n\n<p><strong>7.<\/strong> El jurado seleccionar\u00e1 cinco cuentos\nfinalistas, de los cuales dirimir\u00e1 un Primer Lugar, tres Menciones Honrosas y\nun premio especial al mejor cuento sobre el desempe\u00f1o de la mujer en \u00e1reas no\ntradicionales. <\/p>\n\n\n\n<p><strong>8.<\/strong> El cuento ganador recibir\u00e1 $1.000.000;\nel premio especial, $500.000 y las menciones honrosas, $250.000. <\/p>\n\n\n\n<p><strong>9.<\/strong> No se devolver\u00e1n los cuentos\nrecibidos. <\/p>\n\n\n\n<p><strong>10.<\/strong> Los trabajos deben tener el car\u00e1cter\nde originales (de autor\u00eda propia) e in\u00e9ditos (no haber sido publicados antes en\ncualquier formato). En caso de infringirse lo anterior, el participante ser\u00e1\nplenamente responsable por todo tipo de da\u00f1os y los organizadores podr\u00e1n\nejercer las acciones judiciales que correspondan. <\/p>\n\n\n\n<p><strong>11.<\/strong> La sola participaci\u00f3n en el concurso\nimplicar\u00e1 la aceptaci\u00f3n de estas bases y otorga el derecho exclusivo, gratuito,\nsin l\u00edmite temporal ni territorial a los organizadores, para que ejerzan todos\nlos derechos se\u00f1alados en el art. 18 de la Ley N\u00ba 17.336, y especialmente,\npuedan editar, publicar, comunicar, distribuir, traducir, transformar, adaptar\ny reproducir en cualquier medio las obras participantes. Asimismo, el autor\nconfiere a los organizadores, la facultad para autorizar a terceros a realizar\ntales actos, sin fines de lucro, sobre la obra. <\/p>\n\n\n\n<p><strong>12.<\/strong> Por la sola participaci\u00f3n en el\nconcurso el autor acepta que su cuento, junto con su nombre y apellidos, su\ncomuna de residencia y su edad, puedan ser incorporados en la edici\u00f3n de un\nlibro de bolsillo de 3 mil ejemplares con los mejores cuentos del concurso, a\nser distribuido gratuitamente. <\/p>\n\n\n\n<p><strong>Consultas\na info@mujeresprotagonistas.cl<\/strong> <\/p>\n\n\n\n<p>Enviar los\ntrabajos a:<\/p>\n\n\n\n<figure class=\"wp-block-embed\"><div class=\"wp-block-embed__wrapper\">\nhttps:\/\/mujeresprotagonistas.cl\/cuentos\/inscripcion\/#\/\n<\/div><\/figure>\n\n\n\n<p>Los cuentos\nganadores ser\u00e1n seleccionados por un jurado integrado s\u00f3lo por mujeres: Elisa\nZulueta, actriz y escritora; Jenny del Rio, periodista y editora de El Mercurio\ny Mar\u00eda Paz Rodr\u00edguez, escritora.&nbsp; Los\nresultados se dar\u00e1n a conocer en octubre, en una premiaci\u00f3n donde se entregar\u00e1\nun libro con los mejores relatos de \u201cMujeres Protagonistas\u201d, los que ser\u00e1n\nacompa\u00f1ados de sus respectivas ilustraciones.&nbsp;\n<\/p>\n\n\n\n<p>Para m\u00e1s informaci\u00f3n visitar www.mujeresprotagonistas.cl\u00a0 <\/p>\n\n\n\n<figure class=\"wp-block-image\"><img loading=\"lazy\" decoding=\"async\" width=\"719\" height=\"451\" src=\"https:\/\/www.radiopresidenteibanez.cl\/web\/wp-content\/uploads\/2019\/06\/Mujeres-Protagonistas-2-2019-06-07-at-09.36.06.jpeg\" alt=\"\" class=\"wp-image-5107\" srcset=\"https:\/\/www.radiopresidenteibanez.cl\/web\/wp-content\/uploads\/2019\/06\/Mujeres-Protagonistas-2-2019-06-07-at-09.36.06.jpeg 719w, https:\/\/www.radiopresidenteibanez.cl\/web\/wp-content\/uploads\/2019\/06\/Mujeres-Protagonistas-2-2019-06-07-at-09.36.06-300x188.jpeg 300w\" sizes=\"auto, (max-width: 719px) 100vw, 719px\" \/><\/figure>\n","protected":false},"excerpt":{"rendered":"<p>Mujeres Protagonistas es un concurso de relatos breves, presentado por el Ministerio de la Mujer y la Equidad de G\u00e9nero, que busca visibilizar mujeres que han dejado huellas en nuestro&#8230; <a class=\"read-more\" href=\"https:\/\/www.radiopresidenteibanez.cl\/web\/ministerio-de-la-mujer-presenta-concurso-de-cuentos-para-visibilizar-el-papel-de-las-mujeres-en-nuestro-pais\/\">Leer m\u00e1s<\/a><\/p>\n","protected":false},"author":2,"featured_media":5107,"comment_status":"closed","ping_status":"closed","sticky":false,"template":"","format":"standard","meta":{"footnotes":""},"categories":[1],"tags":[],"class_list":["post-5106","post","type-post","status-publish","format-standard","has-post-thumbnail","hentry","category-cronica"],"_links":{"self":[{"href":"https:\/\/www.radiopresidenteibanez.cl\/web\/wp-json\/wp\/v2\/posts\/5106","targetHints":{"allow":["GET"]}}],"collection":[{"href":"https:\/\/www.radiopresidenteibanez.cl\/web\/wp-json\/wp\/v2\/posts"}],"about":[{"href":"https:\/\/www.radiopresidenteibanez.cl\/web\/wp-json\/wp\/v2\/types\/post"}],"author":[{"embeddable":true,"href":"https:\/\/www.radiopresidenteibanez.cl\/web\/wp-json\/wp\/v2\/users\/2"}],"replies":[{"embeddable":true,"href":"https:\/\/www.radiopresidenteibanez.cl\/web\/wp-json\/wp\/v2\/comments?post=5106"}],"version-history":[{"count":0,"href":"https:\/\/www.radiopresidenteibanez.cl\/web\/wp-json\/wp\/v2\/posts\/5106\/revisions"}],"wp:featuredmedia":[{"embeddable":true,"href":"https:\/\/www.radiopresidenteibanez.cl\/web\/wp-json\/wp\/v2\/media\/5107"}],"wp:attachment":[{"href":"https:\/\/www.radiopresidenteibanez.cl\/web\/wp-json\/wp\/v2\/media?parent=5106"}],"wp:term":[{"taxonomy":"category","embeddable":true,"href":"https:\/\/www.radiopresidenteibanez.cl\/web\/wp-json\/wp\/v2\/categories?post=5106"},{"taxonomy":"post_tag","embeddable":true,"href":"https:\/\/www.radiopresidenteibanez.cl\/web\/wp-json\/wp\/v2\/tags?post=5106"}],"curies":[{"name":"wp","href":"https:\/\/api.w.org\/{rel}","templated":true}]}}