{"id":5103,"date":"2019-06-17T16:19:18","date_gmt":"2019-06-17T16:19:18","guid":{"rendered":"http:\/\/www.radiopresidenteibanez.cl\/web\/?p=5103"},"modified":"2019-06-17T16:19:52","modified_gmt":"2019-06-17T16:19:52","slug":"municipio-modifico-senales-de-transito-en-siete-puntos-de-la-ciudad","status":"publish","type":"post","link":"https:\/\/www.radiopresidenteibanez.cl\/web\/municipio-modifico-senales-de-transito-en-siete-puntos-de-la-ciudad\/","title":{"rendered":"MUNICIPIO MODIFIC\u00d3 SE\u00d1ALES DE TR\u00c1NSITO EN SIETE PUNTOS DE LA CIUDAD"},"content":{"rendered":"\n<p>&nbsp;Durante esta jornada se concret\u00f3 el cambio de se\u00f1ales de Tr\u00e1nsito en siete puntos de la ciudad, con el fin de prevenir accidentes producto de la escarcha, otorgando prioridad a calles que presentan pendiente y que generalmente, tienen su calzada resbaladiza con escarcha o nieve.<\/p>\n\n\n\n<p>Desde hoy y hasta el mes de septiembre, se mantendr\u00e1n los cambios que se establecen hace m\u00e1s de 10 a\u00f1os en 7 esquinas de la ciudad, a objeto de prevenir accidentes. \u201cEsperamos que los vecinos tomen los resguardos necesarios para el invierno, as\u00ed que pedimos precauci\u00f3n al conducir y respetar las normas de tr\u00e1nsito vigente\u201d, expres\u00f3 el alcalde Claudio Radonich.<\/p>\n\n\n\n<p>Por su parte el director (s) de Tr\u00e1nsito, Gabriel Gonz\u00e1lez agreg\u00f3 que \u201cestos cambios se mantendr\u00e1n estimativamente, hasta la segunda quincena del mes de septiembre, cuando las se\u00f1ales vuelvan a ser instaladas en sus emplazamientos originales, a menos que las condiciones clim\u00e1ticas hagan recomendable mantener la medida hasta una fecha posterior a la establecida por calendario\u201d.<\/p>\n\n\n\n<p>Finalmente, el Alcalde dijo que \u201ceste tipo de medidas se suman a otras que se desarrollan durante el invierno, como por ejemplo el esparcimiento de Sal en m\u00e1s de 160 kil\u00f3metros de las calles de Punta Arenas, privilegiando las arterias y v\u00edas de mayor flujo y en las que circulan los veh\u00edculos de transporte p\u00fablico\u201d.<\/p>\n\n\n\n<p>PUNTOS INTERVENIDOS:<\/p>\n\n\n\n<p>1.- Se instalan cuatro se\u00f1ales CEDA EL PASO en Av. Costanera con 21 de Mayo al llegar a Av. Pdte. Pedro Aguirre Cerda, en sentido sur a norte, en el lado derecho de la calzada. Adem\u00e1s, en sentido norte a sur, en ambos costados de la calzada, y otra en el bandej\u00f3n llegando a la calzada sur, dando preferencia a quienes circulan por Avenida Pdte. Pedro Aguirre Cerda.<\/p>\n\n\n\n<p>2.- Se instalan dos se\u00f1ales CEDA EL PASO, en calle Arauco al llegar a Boliviana, una para cada sentido de tr\u00e1nsito, dando preferencia a calle Boliviana.<\/p>\n\n\n\n<p>3.- Se instalan dos se\u00f1ales CEDA EL PASO en calle Fray Valderrama al llegar a Cardenal Samor\u00e9, una para cada sentido de tr\u00e1nsito, dando preferencia a calle Cardenal Samor\u00e9.<\/p>\n\n\n\n<p>4.- Se instalan dos se\u00f1ales CEDA EL PASO, en Av. Espa\u00f1a poniente, a ambos costados de la calzada, al llegar a Latorre, dando preferencia a calle Latorre.<\/p>\n\n\n\n<p>5.- Se instalan dos se\u00f1ales CEDA EL PASO en Av. Espa\u00f1a poniente, a ambos costados de la calzada, al llegar a Oscar Viel, dando preferencia a calle Oscar Viel.<\/p>\n\n\n\n<p>6.- Se instalan dos se\u00f1ales CEDA EL PASO en Av. Espa\u00f1a poniente, a ambos costados de la calzada, al llegar a Jos\u00e9 Men\u00e9ndez, dando preferencia a calle Jos\u00e9 Men\u00e9ndez.<\/p>\n\n\n\n<p>7.- Se instalan dos se\u00f1ales CEDA EL PASO en Ram\u00f3n Carnicer al llegar a Arauco, una para cada sentido de tr\u00e1nsito, dando preferencia a calle Arauco.<\/p>\n\n\n\n<figure class=\"wp-block-image\"><img loading=\"lazy\" decoding=\"async\" width=\"900\" height=\"600\" src=\"https:\/\/www.radiopresidenteibanez.cl\/web\/wp-content\/uploads\/2019\/06\/DSC_8296.jpg\" alt=\"\" class=\"wp-image-5104\" srcset=\"https:\/\/www.radiopresidenteibanez.cl\/web\/wp-content\/uploads\/2019\/06\/DSC_8296.jpg 900w, https:\/\/www.radiopresidenteibanez.cl\/web\/wp-content\/uploads\/2019\/06\/DSC_8296-300x200.jpg 300w, https:\/\/www.radiopresidenteibanez.cl\/web\/wp-content\/uploads\/2019\/06\/DSC_8296-768x512.jpg 768w\" sizes=\"auto, (max-width: 900px) 100vw, 900px\" \/><\/figure>\n","protected":false},"excerpt":{"rendered":"<p>&nbsp;Durante esta jornada se concret\u00f3 el cambio de se\u00f1ales de Tr\u00e1nsito en siete puntos de la ciudad, con el fin de prevenir accidentes producto de la escarcha, otorgando prioridad a&#8230; <a class=\"read-more\" href=\"https:\/\/www.radiopresidenteibanez.cl\/web\/municipio-modifico-senales-de-transito-en-siete-puntos-de-la-ciudad\/\">Leer m\u00e1s<\/a><\/p>\n","protected":false},"author":2,"featured_media":5104,"comment_status":"closed","ping_status":"closed","sticky":false,"template":"","format":"standard","meta":{"footnotes":""},"categories":[1],"tags":[],"class_list":["post-5103","post","type-post","status-publish","format-standard","has-post-thumbnail","hentry","category-cronica"],"_links":{"self":[{"href":"https:\/\/www.radiopresidenteibanez.cl\/web\/wp-json\/wp\/v2\/posts\/5103","targetHints":{"allow":["GET"]}}],"collection":[{"href":"https:\/\/www.radiopresidenteibanez.cl\/web\/wp-json\/wp\/v2\/posts"}],"about":[{"href":"https:\/\/www.radiopresidenteibanez.cl\/web\/wp-json\/wp\/v2\/types\/post"}],"author":[{"embeddable":true,"href":"https:\/\/www.radiopresidenteibanez.cl\/web\/wp-json\/wp\/v2\/users\/2"}],"replies":[{"embeddable":true,"href":"https:\/\/www.radiopresidenteibanez.cl\/web\/wp-json\/wp\/v2\/comments?post=5103"}],"version-history":[{"count":0,"href":"https:\/\/www.radiopresidenteibanez.cl\/web\/wp-json\/wp\/v2\/posts\/5103\/revisions"}],"wp:featuredmedia":[{"embeddable":true,"href":"https:\/\/www.radiopresidenteibanez.cl\/web\/wp-json\/wp\/v2\/media\/5104"}],"wp:attachment":[{"href":"https:\/\/www.radiopresidenteibanez.cl\/web\/wp-json\/wp\/v2\/media?parent=5103"}],"wp:term":[{"taxonomy":"category","embeddable":true,"href":"https:\/\/www.radiopresidenteibanez.cl\/web\/wp-json\/wp\/v2\/categories?post=5103"},{"taxonomy":"post_tag","embeddable":true,"href":"https:\/\/www.radiopresidenteibanez.cl\/web\/wp-json\/wp\/v2\/tags?post=5103"}],"curies":[{"name":"wp","href":"https:\/\/api.w.org\/{rel}","templated":true}]}}