{"id":51018,"date":"2024-09-04T15:43:00","date_gmt":"2024-09-04T18:43:00","guid":{"rendered":"https:\/\/www.radiopresidenteibanez.cl\/web\/?p=51018"},"modified":"2024-09-04T15:19:42","modified_gmt":"2024-09-04T18:19:42","slug":"felicidades-radio-pdte-ibanez","status":"publish","type":"post","link":"https:\/\/www.radiopresidenteibanez.cl\/web\/felicidades-radio-pdte-ibanez\/","title":{"rendered":"FELICIDADES RADIO PDTE IBA\u00d1EZ"},"content":{"rendered":"\n<p>La Iba\u00f1ez es un trozo de la Patagonia que puedes llevar en tus o\u00eddos y en el bolsillo perro del alma.<\/p>\n\n\n\n<p>La Iba\u00f1ez es una reserva de memoria sobre las pampas congeladas de la Patria.<\/p>\n\n\n\n<p>Lleva en sus ondas radiales tanta vida a los lugares donde el viento teje la distancia.<\/p>\n\n\n\n<p>Aflora todos los d\u00edas con sus programas alegrando la vida.<\/p>\n\n\n\n<p>La Iba\u00f1ez tiene gran parte de este austral lugar adherido en sus antenas y su dial.<\/p>\n\n\n\n<p>88.5 resuena en las radios a pila sobre los cuter que se adentran a los canales.<\/p>\n\n\n\n<p>Los pescadores artesanales la escuchan sobre la cresta de una ola que rompe lejos del estrecho.<\/p>\n\n\n\n<p>La Iba\u00f1ez es la memoria del Puntarenazo, de tanta protesta realizada contra el tirano.<\/p>\n\n\n\n<p>La Iba\u00f1ez fue triste despues que a la iglesia F\u00e1tima le pusieran un bombazo<\/p>\n\n\n\n<p>La Iba\u00f1ez es el festival de la Patagonia hasta las seis de la ma\u00f1ana.<\/p>\n\n\n\n<p>La Iba\u00f1ez es mi abuelo encendiendo la radio despues que ldel trabajo llegaba<\/p>\n\n\n\n<p>Es compa\u00f1\u00eda en las oscuras oscuras de Magallanes.<\/p>\n\n\n\n<p>Es esperanza abierta en el delantal de la madre que apura la ma\u00f1ana.<\/p>\n\n\n\n<p>La radio presidente Iba\u00f1ez es un hogar compartido de so\u00f1adores.<\/p>\n\n\n\n<p>De hacedores de verdad y entretenimiento.<\/p>\n\n\n\n<p>La Iba\u00f1ez es memoria.<\/p>\n\n\n\n<p>Tanto locutor, radiocontrolador estar\u00e1n hoy en el cielo brindando por sus 17 a\u00f1os.<\/p>\n\n\n\n<p>Los que pasaron por all\u00ed, no se olvidan<\/p>\n\n\n\n<p>Permanecen sus voces y sus sonrisas.<\/p>\n\n\n\n<p>Porque la radio presidente Iba\u00f1ez tiene memoria.<\/p>\n\n\n\n<p>Porque la Iba\u00f1ez es patrimonio intangible de la Patagonia.<\/p>\n\n\n\n<p>Porque la radio presidente Iba\u00f1ez es una radio con historia.<\/p>\n","protected":false},"excerpt":{"rendered":"<p>La Iba\u00f1ez es un trozo de la Patagonia que puedes llevar en tus o\u00eddos y en el bolsillo perro del alma. La Iba\u00f1ez es una reserva de memoria sobre las&#8230; <a class=\"read-more\" href=\"https:\/\/www.radiopresidenteibanez.cl\/web\/felicidades-radio-pdte-ibanez\/\">Leer m\u00e1s<\/a><\/p>\n","protected":false},"author":2,"featured_media":51001,"comment_status":"closed","ping_status":"closed","sticky":false,"template":"","format":"standard","meta":{"footnotes":""},"categories":[1],"tags":[],"class_list":["post-51018","post","type-post","status-publish","format-standard","has-post-thumbnail","hentry","category-cronica"],"_links":{"self":[{"href":"https:\/\/www.radiopresidenteibanez.cl\/web\/wp-json\/wp\/v2\/posts\/51018","targetHints":{"allow":["GET"]}}],"collection":[{"href":"https:\/\/www.radiopresidenteibanez.cl\/web\/wp-json\/wp\/v2\/posts"}],"about":[{"href":"https:\/\/www.radiopresidenteibanez.cl\/web\/wp-json\/wp\/v2\/types\/post"}],"author":[{"embeddable":true,"href":"https:\/\/www.radiopresidenteibanez.cl\/web\/wp-json\/wp\/v2\/users\/2"}],"replies":[{"embeddable":true,"href":"https:\/\/www.radiopresidenteibanez.cl\/web\/wp-json\/wp\/v2\/comments?post=51018"}],"version-history":[{"count":0,"href":"https:\/\/www.radiopresidenteibanez.cl\/web\/wp-json\/wp\/v2\/posts\/51018\/revisions"}],"wp:featuredmedia":[{"embeddable":true,"href":"https:\/\/www.radiopresidenteibanez.cl\/web\/wp-json\/wp\/v2\/media\/51001"}],"wp:attachment":[{"href":"https:\/\/www.radiopresidenteibanez.cl\/web\/wp-json\/wp\/v2\/media?parent=51018"}],"wp:term":[{"taxonomy":"category","embeddable":true,"href":"https:\/\/www.radiopresidenteibanez.cl\/web\/wp-json\/wp\/v2\/categories?post=51018"},{"taxonomy":"post_tag","embeddable":true,"href":"https:\/\/www.radiopresidenteibanez.cl\/web\/wp-json\/wp\/v2\/tags?post=51018"}],"curies":[{"name":"wp","href":"https:\/\/api.w.org\/{rel}","templated":true}]}}