{"id":5100,"date":"2019-06-17T16:14:50","date_gmt":"2019-06-17T16:14:50","guid":{"rendered":"http:\/\/www.radiopresidenteibanez.cl\/web\/?p=5100"},"modified":"2019-06-17T16:15:11","modified_gmt":"2019-06-17T16:15:11","slug":"trabajos-clasificados-para-el-xxvi-festival-folklorico-estudiantil-en-la-patagonia-surcadores-de-suenos","status":"publish","type":"post","link":"https:\/\/www.radiopresidenteibanez.cl\/web\/trabajos-clasificados-para-el-xxvi-festival-folklorico-estudiantil-en-la-patagonia-surcadores-de-suenos\/","title":{"rendered":"TRABAJOS CLASIFICADOS PARA EL XXVI FESTIVAL FOLKL\u00d3RICO ESTUDIANTIL EN LA PATAGONIA \u2026SURCADORES DE SUE\u00d1OS"},"content":{"rendered":"\n<p>LUEGO\nDE REALIZARSE LAS \u201cAUDICIONES MUSICALES EN VIVO 2019\u201d, EN LAS CUALES SE\nCONCENTR\u00d3 UN AMPLIO MARCO PARTICIPATIVO DE LOS DIFERENTES PLANTELES EDUCACIONALES\nDE PUNTA ARENAS,&nbsp; EN JORNADAS QUE\nTUVIERON COMO SEDES LA ESCUELA 18 DE SEPTIEMBRE, PARA LA ATENCI\u00d3N DE LAS\nCATEGOR\u00cdAS DE PRIMER Y SEGUNDO CICLO B\u00c1SICO, Y EN EL LICEO POLIVALENTE SARA\nBRAUN, PLANTEL ESTABLECIDO PARA ESTOS EFECTOS COMO PUNTO DE&nbsp; CONCENTRARON&nbsp;\nDE LOS TRABAJOS MUSICALES POSTULANTES DESDE LA EDUCACI\u00d3N MEDIA&nbsp; COMUNAL.&nbsp;&nbsp;&nbsp;\nAS\u00cd TAMBI\u00c9N, PARA LA SIGUIENTE INSTANCIA DE CLASIFICACI\u00d3N, SE DEFINIERON\nLOS TRABAJOS DEL G\u00c9NERO IN\u00c9DITO&nbsp;\nPRESENTADOS EN LA CONVOCATORIA NACIONAL DE ESTE CERTAMEN MUSICAL,&nbsp; PERMITIENDO A LA CORPORACI\u00d3N MUNICIPAL DE\nPUNTA ARENAS, COMO ENTIDAD ORGANIZADORA, DAR A CONOCER A LA COMUNIDAD EL MARCO\nDE TRABAJOS QUE ESTAR\u00c1N PRESENTES EN LAS JORNADAS CENTRALES&nbsp; DEL XXVI FESTIVAL FOLKL\u00d3RICO ESTUDIANTIL EN\nLA PATAGONIA&nbsp; \u2026SURCADORES DE SUE\u00d1OS,\nEVENTO QUE TENDR\u00c1 LUGAR EN DEPENDENCIAS DEL LICEO BICENTENARIO LUIS ALBERTO\nBARRERA, LOS D\u00cdAS 26, 27 Y 28 DE JUNIO A PARTIR DE LAS 18 HORAS.<\/p>\n\n\n\n<p><strong>CLASIFICADOS G\u00c9NERO INTERPRETATIVO DE&nbsp; PRIMER&nbsp;\nCICLO B\u00c1SICO<\/strong><\/p>\n\n\n\n<table class=\"wp-block-table\"><tbody><tr><td>\n  <strong>T\u00cdTULO DE LA&nbsp; CANCI\u00d3N<\/strong>\n  <\/td><td>\n  <strong>ESTABLECIMIENTO<\/strong>\n  <\/td><td>\n  <strong>AUTOR(A)<\/strong>\n  <\/td><td>\n  <strong>&nbsp;<\/strong>\n  <strong>PROF. GU\u00cdA&nbsp; GRUPO<\/strong>\n  <\/td><\/tr><tr><td>\n  1.-\u201cPOETAS POPULARES\u201d\n  <\/td><td>\n  LICEO\n  EXPERIMENTAL LEUMAG\n  <\/td><td>\n  MARINO MU\u00d1OZ LAGOS Y LUIS&nbsp; VIDAL URIBE\n  <\/td><td>\n  &nbsp;\n  LUIS G\u00d3MEZ VENEGAS\n  <\/td><\/tr><\/tbody><\/table>\n\n\n\n<table class=\"wp-block-table\"><tbody><tr><td>\n  <strong>T\u00cdTULO DE LA&nbsp; CANCI\u00d3N<\/strong>\n  <\/td><td>\n  <strong>ESTABLECIMIENTO<\/strong>\n  <\/td><td>\n  <strong>AUTOR(A)<\/strong>\n  <\/td><td>\n  <strong>&nbsp;<\/strong>\n  <strong>PROF. GU\u00cdA&nbsp; GRUPO<\/strong>\n  <\/td><\/tr><tr><td>\n  2.-\u201cDE PESCA\u201d\n  <\/td><td>\n  COLEGIO MIGUEL DE CERVANTES\n  <\/td><td>\n  JOSE GRIMALDI ACOTTO&nbsp; Y&nbsp;&nbsp;\n  LUIS VIDAL URIBE\n  <\/td><td>\n  HERN\u00c1N KUSCIC HERN\u00c1NDEZ\n  <\/td><\/tr><\/tbody><\/table>\n\n\n\n<table class=\"wp-block-table\"><tbody><tr><td>\n  <strong>T\u00cdTULO DE LA&nbsp; CANCI\u00d3N<\/strong>\n  <\/td><td>\n  <strong>ESTABLECIMIENTO<\/strong>\n  <\/td><td>\n  <strong>AUTOR(A)<\/strong>\n  <\/td><td>\n  <strong>PROF. GU\u00cdA&nbsp; GRUPO<\/strong>\n  <\/td><\/tr><tr><td>\n  3.-\u201cHIJO DEL MAR\u201d\n  <\/td><td>\n  COLEGIO\n  CRUZ DEL SUR\n  <\/td><td>\n  ROCAMAL\u00da\n  <\/td><td>\n  &nbsp;\n  ANAH\u00cd\n  VELQU\u00c9N ARCOS\n  <\/td><\/tr><\/tbody><\/table>\n\n\n\n<table class=\"wp-block-table\"><tbody><tr><td>\n  <a><strong>T\u00cdTULO DE\n  LA&nbsp; CANCI\u00d3N<\/strong><\/a>\n  <\/td><td>\n  <strong>ESTABLECIMIENTO<\/strong>\n  <\/td><td>\n  <strong>AUTOR(A)<\/strong>\n  <\/td><td>\n  <strong>PROF. GU\u00cdA&nbsp; GRUPO<\/strong>\n  <\/td><\/tr><tr><td>\n  4.-\u201cME ENAMOR\u00c9&nbsp; DE TI\u201d\n  <\/td><td>\n  ESCUELA HERNANDO\n  DE MAGALLANES\n  <\/td><td>\n  CLAUDIO PAREDES\n  <\/td><td>\n  VALESKA FUENTES\n  MAR\u00cdN\n  <\/td><\/tr><\/tbody><\/table>\n\n\n\n<table class=\"wp-block-table\"><tbody><tr><td>\n  <a><strong>T\u00cdTULO DE\n  LA&nbsp; CANCI\u00d3N<\/strong><\/a>\n  <\/td><td>\n  <strong>ESTABLECIMIENTO<\/strong>\n  <\/td><td>\n  <strong>AUTOR(A)<\/strong>\n  <\/td><td>\n  <strong>PROF. GU\u00cdA&nbsp; GRUPO<\/strong>\n  <\/td><\/tr><tr><td>\n  5.-\u201cAL SUR DE LA TIERRA\u201d\n  <\/td><td>\n  ESCUELA&nbsp; JUAN WILLIAMS\n  <\/td><td>\n  ROBERTO TERN\u00c1N\n  <\/td><td>\n  MARCELO VILLEGAS\n  AMPUERO\n  <\/td><\/tr><\/tbody><\/table>\n\n\n\n<p><strong>CLASIFICADOS&nbsp; G\u00c9NERO INTERPRETATIVO DE SEGUNDO CICLO B\u00c1SICO<\/strong><\/p>\n\n\n\n<table class=\"wp-block-table\"><tbody><tr><td>\n  <strong>T\u00cdTULO DE LA&nbsp; CANCI\u00d3N<\/strong>\n  <\/td><td>\n  <strong>ESTABLECIMIENTO<\/strong>\n  <\/td><td>\n  <strong>AUTOR(A)<\/strong>\n  <\/td><td>\n  <strong>PROF. GU\u00cdA&nbsp; GRUPO<\/strong>\n  <\/td><\/tr><tr><td>\n  1.-\u201cALAYALA DON ALBERTO\u201d\n  <\/td><td>\n  ESCUELA 18 DE SEPTIEMBRE \n  <\/td><td>\n  MARCELA MOREIRA Y RA\u00daL SALINAS\n  <\/td><td>\n  GERSON OVIEDO Y\u00c1\u00d1EZ\n  <\/td><\/tr><\/tbody><\/table>\n\n\n\n<table class=\"wp-block-table\"><tbody><tr><td>\n  <strong>T\u00cdTULO DE LA&nbsp; CANCI\u00d3N<\/strong>\n  <\/td><td>\n  <strong>ESTABLECIMIENTO<\/strong>\n  <\/td><td>\n  <strong>AUTOR(A)<\/strong>\n  <\/td><td>\n  <strong>PROF. GU\u00cdA&nbsp; GRUPO<\/strong>\n  <\/td><\/tr><tr><td>\n  2.-\u201cCANELO EN FLOR\u201d\n  <\/td><td>\n  ESCUELA CROACIA\n  <\/td><td>\n  TALLER ALTURAS \n  <\/td><td>\n  ARACELY ANDRADE DIAZ\n  <\/td><\/tr><\/tbody><\/table>\n\n\n\n<table class=\"wp-block-table\"><tbody><tr><td>\n  <strong>T\u00cdTULO DE LA&nbsp; CANCI\u00d3N<\/strong>\n  <\/td><td>\n  <strong>ESTABLECIMIENTO<\/strong>\n  <\/td><td>\n  <strong>AUTOR(A)<\/strong>\n  <\/td><td>\n  <strong>PROF. GU\u00cdA&nbsp; GRUPO<\/strong>\n  <\/td><\/tr><tr><td>\n  3.-\u201cVIENTO DEL SUR\u201d \n  <\/td><td>\n  ESCUELA MANUEL BULNES\n  <\/td><td>\n  JORGE RISCO&nbsp; NAVARRO\n  <\/td><td>\n  CINTHIA ALVARADO VELASQUEZ\n  <\/td><\/tr><\/tbody><\/table>\n\n\n\n<table class=\"wp-block-table\"><tbody><tr><td>\n  <strong>T\u00cdTULO DE LA&nbsp; CANCI\u00d3N<\/strong>\n  <\/td><td>\n  <strong>ESTABLECIMIENTO<\/strong>\n  <\/td><td>\n  <strong>AUTOR(A)<\/strong>\n  <\/td><td>\n  <strong>PROF. GU\u00cdA&nbsp; GRUPO<\/strong>\n  <\/td><\/tr><tr><td>\n  4.-\u201cCANCI\u00d3N DE AMOR\u201d \n  <\/td><td>\n  LICEO JUAN BAUTISTA CONTARDI \n  <\/td><td>\n  CLAUDIO PAREDES\n  <\/td><td>\n  PAULA ZAMORANO\n  <\/td><\/tr><\/tbody><\/table>\n\n\n\n<table class=\"wp-block-table\"><tbody><tr><td>\n  <strong>T\u00cdTULO DE LA&nbsp; CANCI\u00d3N<\/strong>\n  <\/td><td>\n  <strong>ESTABLECIMIENTO<\/strong>\n  <\/td><td>\n  <strong>AUTOR(A)<\/strong>\n  <\/td><td>\n  <strong>PROF. GU\u00cdA&nbsp; GRUPO<\/strong>\n  <\/td><\/tr><tr><td>\n  &nbsp;5.-\u201cNI\u00d1O TREN\u201d\n  <\/td><td>\n  COLEGIO CRUZ DEL SUR\n  <\/td><td>\n  ROCAMAL\u00da\n  <\/td><td>\n  &nbsp;\n  ANAH\u00cd VELQU\u00c9N ARCOS\n  <\/td><\/tr><\/tbody><\/table>\n\n\n\n<table class=\"wp-block-table\"><tbody><tr><td>\n  <strong>T\u00cdTULO DE LA&nbsp; CANCI\u00d3N<\/strong>\n  <\/td><td>\n  <strong>ESTABLECIMIENTO<\/strong>\n  <\/td><td>\n  <strong>AUTOR(A)<\/strong>\n  <\/td><td>\n  <strong>PROF. GU\u00cdA&nbsp; GRUPO<\/strong>\n  <\/td><\/tr><tr><td>\n  6.-\u201cCAE LA NOCHE\u201d\n  <\/td><td>\n  LICEO\n  EXPERIMENTAL UMAG\n  <\/td><td>\n  JOS\u00c9 LUIS\n  VERGARA\n  <\/td><td>\n  JORGE RISCO\n  NAVARRO\n  <\/td><\/tr><\/tbody><\/table>\n\n\n\n<table class=\"wp-block-table\"><tbody><tr><td>\n  <strong>T\u00cdTULO DE LA&nbsp; CANCI\u00d3N<\/strong>\n  <\/td><td>\n  <strong>ESTABLECIMIENTO<\/strong>\n  <\/td><td>\n  <strong>AUTOR(A)<\/strong>\n  <\/td><td>\n  <strong>PROF. GU\u00cdA&nbsp; GRUPO<\/strong>\n  <\/td><\/tr><tr><td>\n  7.-\u201cMENSAJE\u201d\n  <\/td><td>\n  ESCUELA\n  JUAN WILLIAMS\n  <\/td><td>\n  MANUEL\n  BARROS\n  <\/td><td>\n  MARCELO VILLEGAS\n  AMPUERO\n  <\/td><\/tr><\/tbody><\/table>\n\n\n\n<table class=\"wp-block-table\"><tbody><tr><td>\n  <strong>T\u00cdTULO DE LA&nbsp; CANCI\u00d3N<\/strong>\n  <\/td><td>\n  <strong>ESTABLECIMIENTO<\/strong>\n  <\/td><td>\n  <strong>AUTOR(A)<\/strong>\n  <\/td><td>\n  <strong>PROF. GU\u00cdA&nbsp; GRUPO<\/strong>\n  <\/td><\/tr><tr><td>\n  8.-\u201cTIERRA ESCONDIDA\u201d\n  <\/td><td>\n  ESCUELA HERNANDO DE MAGALLANES\n  <\/td><td>\n  CLAUDIO PAREDES\n  <\/td><td>\n  VALESKA FUENTES MAR\u00cdN\n  <\/td><\/tr><\/tbody><\/table>\n\n\n\n<p><strong>CLASIFICADOS G\u00c9NERO INTERPRETATIVO DE&nbsp; EDUCACI\u00d3N MEDIA<\/strong><\/p>\n\n\n\n<table class=\"wp-block-table\"><tbody><tr><td>\n  <strong>T\u00cdTULO DE LA&nbsp; CANCI\u00d3N<\/strong>\n  <\/td><td>\n  <strong>ESTABLECIMIENTO<\/strong>\n  <\/td><td>\n  <strong>AUTOR(A)<\/strong>\n  <\/td><td>\n  <strong>PROF. GU\u00cdA&nbsp; GRUPO<\/strong>\n  <\/td><\/tr><tr><td>\n  1.-\u201cPATAGONIA\u201d\n  <\/td><td>\n  COLEGIO LUTERANO \n  <\/td><td>\n  ARTURO CH\u00c1VEZ\n  <\/td><td>\n  JOS\u00c9 ROBERTO N\u00da\u00d1EZ \n  <\/td><\/tr><\/tbody><\/table>\n\n\n\n<table class=\"wp-block-table\"><tbody><tr><td>\n  <strong>T\u00cdTULO DE LA&nbsp; CANCI\u00d3N<\/strong>\n  <\/td><td>\n  <strong>ESTABLECIMIENTO<\/strong>\n  <\/td><td>\n  <strong>AUTOR(A)<\/strong>\n  <\/td><td>\n  <strong>PROF. GU\u00cdA&nbsp; GRUPO<\/strong>\n  <\/td><\/tr><tr><td>\n  2.-\u201cPUNTA ARENAS DEL ESTRECHO\u201d\n  <\/td><td>\n  COLEGIO PIERRE FAURE\n  <\/td><td>\n  DANTE OLIVARES\n  <\/td><td>\n  CAMILO FIGUEROA SOTO\n  <\/td><\/tr><\/tbody><\/table>\n\n\n\n<table class=\"wp-block-table\"><tbody><tr><td>\n  <strong>T\u00cdTULO DE LA&nbsp; CANCI\u00d3N<\/strong>\n  <\/td><td>\n  <strong>ESTABLECIMIENTO<\/strong>\n  <\/td><td>\n  <strong>AUTOR(A)<\/strong>\n  <\/td><td>\n  <strong>PROF. GU\u00cdA&nbsp; GRUPO<\/strong>\n  <\/td><\/tr><tr><td>\n  3.-\u201cNOSTALGIAS DE ARENA\u201d\n  <\/td><td>\n  INSUCO&nbsp; JOS\u00c9 MEN\u00c9NDEZ\n  <\/td><td>\n  KARINA\n  CONTRERAS\n  <\/td><td>\n  VIDA\n  MANZO OLIVARES\n  <\/td><\/tr><\/tbody><\/table>\n\n\n\n<table class=\"wp-block-table\"><tbody><tr><td>\n  <strong>T\u00cdTULO DE LA&nbsp; CANCI\u00d3N<\/strong>\n  <\/td><td>\n  <strong>ESTABLECIMIENTO<\/strong>\n  <\/td><td>\n  <strong>AUTOR(A)<\/strong>\n  <\/td><td>\n  <strong>PROF. GU\u00cdA&nbsp; GRUPO<\/strong>\n  <\/td><\/tr><tr><td>\n  4.-\u201cPOR TI SER\u00c9\u201d\n  <\/td><td>\n  LICEO INDUSTRIAL ARMANDO QUEZADA ACHAR\u00c1N\n  <\/td><td>\n  JORGE RISCO \n  <\/td><td>\n  JORGE RISCO NAVARRO\n  <\/td><\/tr><\/tbody><\/table>\n\n\n\n<table class=\"wp-block-table\"><tbody><tr><td>\n  <strong>T\u00cdTULO DE LA&nbsp; CANCI\u00d3N<\/strong>\n  <\/td><td>\n  <strong>ESTABLECIMIENTO<\/strong>\n  <\/td><td>\n  <strong>AUTOR(A)<\/strong>\n  <\/td><td>\n  <strong>PROF. GU\u00cdA&nbsp; GRUPO<\/strong>\n  <\/td><\/tr><tr><td>\n  5.-\u201cPUEBLOS GUERREROS\u201d\n  <\/td><td>\n  COLEGIO MIGUEL DE CERVANTES \n  <\/td><td>\n  LUIS VIDAL URIBE\n  <\/td><td>\n  PEDRO SILLARD ZAPATA\n  <\/td><\/tr><\/tbody><\/table>\n\n\n\n<table class=\"wp-block-table\"><tbody><tr><td>\n  <strong>T\u00cdTULO DE LA&nbsp; CANCI\u00d3N<\/strong>\n  <\/td><td>\n  <strong>ESTABLECIMIENTO<\/strong>\n  <\/td><td>\n  <strong>AUTOR(A)<\/strong>\n  <\/td><td>\n  <strong>PROF. GU\u00cdA&nbsp; GRUPO<\/strong>\n  <\/td><\/tr><tr><td>\n  6.-\u201cSENTENCIA DEL PASADO\u201d\n  <\/td><td>\n  COLEGIO&nbsp; NOBELIUS\n  <\/td><td>\n  LUIS FUENTES \n  <\/td><td>\n  LUIS VIDAL URIBE\n  <\/td><\/tr><\/tbody><\/table>\n\n\n\n<table class=\"wp-block-table\"><tbody><tr><td>\n  <strong>T\u00cdTULO DE LA&nbsp; CANCI\u00d3N<\/strong>\n  <\/td><td>\n  <strong>ESTABLECIMIENTO<\/strong>\n  <\/td><td>\n  <strong>AUTOR(A)<\/strong>\n  <\/td><td>\n  <strong>PROF. GU\u00cdA&nbsp; GRUPO<\/strong>\n  <\/td><\/tr><tr><td>\n  7.-\u201cMIS OJOS TIERRA DEL FUEGO\u201d\n  <\/td><td>\n  LICEO EXPERIMENTAL UMAG\n  <\/td><td>\n  PATRICIA ARTEAGA JORGE RISCO \n  <\/td><td>\n  JORGE RISCO NAVARRO\n  <\/td><\/tr><\/tbody><\/table>\n\n\n\n<table class=\"wp-block-table\"><tbody><tr><td>\n  <strong>T\u00cdTULO DE LA&nbsp;\n  CANCI\u00d3N<\/strong>\n  <\/td><td>\n  <strong>ESTABLECIMIENTO<\/strong>\n  <\/td><td>\n  <strong>AUTOR(A)<\/strong>\n  <\/td><td>\n  <strong>PROF. GU\u00cdA&nbsp; GRUPO<\/strong>\n  <\/td><\/tr><tr><td>\n  8.-\u201cCARTA CON\n  ESPERANZA\u201d\n  <\/td><td>\n  LICEO POLIT\u00c9CNICO CARDENAL RA\u00daL\n  SILVA HENR\u00cdQUEZ\n  <\/td><td>\n  \u00cdTALO MANZO P\u00c9REZ\n  <\/td><td>\n  \u00cdTALO MANZO P\u00c9REZ\n  <\/td><\/tr><\/tbody><\/table>\n\n\n\n<p><strong>CLASIFICADOS G\u00c9NERO IN\u00c9DITO DE\nEDUCACI\u00d3N MEDIA \u2013 CONVOCATORIA NACIONAL<\/strong><\/p>\n\n\n\n<table class=\"wp-block-table\"><tbody><tr><td>\n  <strong>T\u00cdTULO DE\n  LA&nbsp; CANCI\u00d3N<\/strong>\n  <\/td><td>\n  <strong>ESTABLECIMIENTO<\/strong>\n  <\/td><td>\n  <strong>AUTOR\u00cdAS<\/strong>\n  <\/td><td>\n  <strong>PROF.\n  GU\u00cdA&nbsp; GRUPO<\/strong>\n  <\/td><\/tr><tr><td>\n  1.-\u201cLA TIERRA QUE\n  FUE\u201d\n  <\/td><td>\n  COLEGIO SAN\n  PATRICIO &#8211; ANTOFAGASTA\n  <\/td><td>\n  LETRA: MOLLY UTRERAS V\u00c1SQUEZ \u2013 ISABELLA LANCELLOTTI\n  GALLARDO M\u00daSICA: IVO UNREIN ZAN\u00cdN \u2013 TOM\u00c1S CORNEJO OYARZ\u00daN\n  <\/td><td>\n  MAT\u00cdAS\n  BRANCHADELL CABELLO\n  <\/td><\/tr><\/tbody><\/table>\n\n\n\n<table class=\"wp-block-table\"><tbody><tr><td>\n  <strong>T\u00cdTULO DE\n  LA&nbsp; CANCI\u00d3N<\/strong>\n  <\/td><td>\n  <strong>ESTABLECIMIENTO<\/strong>\n  <\/td><td>\n  <strong>AUTOR\u00cdAS<\/strong>\n  <\/td><td>\n  <strong>PROF.\n  GU\u00cdA&nbsp; GRUPO<\/strong>\n  <\/td><\/tr><tr><td>\n  2.-\u201c500 A\u00d1OS DE\n  HISTORIA\u201d\n  <\/td><td>\n  COLEGIO SANTO DOMINGO DE\n  GUZM\u00c1N-VALPARAISO\n  <\/td><td>\n  MAYDA&nbsp; CAMPUSANO&nbsp;\n  Y&nbsp; ALEXANDER VALENZUELA\n  <\/td><td>\n  ANNA BIERE SANTANA\n  <\/td><\/tr><\/tbody><\/table>\n\n\n\n<table class=\"wp-block-table\"><tbody><tr><td>\n  <strong>T\u00cdTULO DE\n  LA&nbsp; CANCI\u00d3N<\/strong>\n  <\/td><td>\n  <strong>ESTABLECIMIENTO<\/strong>\n  <\/td><td>\n  <strong>AUTOR\u00cdAS<\/strong>\n  <\/td><td>\n  <strong>PROF.\n  GU\u00cdA&nbsp; GRUPO<\/strong>\n  <\/td><\/tr><tr><td>\n  3.-\u201cENTRELAZANDO CULTURAS\u201d\n  <\/td><td>\n  LICEO DONALD MC INTYRE GRIFFITS-PUERTO WILLIAMS\n  <\/td><td>\n  IGNACIO NAVARRETE ALFARO\n  <\/td><td>\n  ARMIN NAVARRO YUPANQUI\n  <\/td><\/tr><\/tbody><\/table>\n\n\n\n<table class=\"wp-block-table\"><tbody><tr><td>\n  <strong>T\u00cdTULO DE\n  LA&nbsp; CANCI\u00d3N<\/strong>\n  <\/td><td>\n  <strong>ESTABLECIMIENTO<\/strong>\n  <\/td><td>\n  <strong>AUTOR\u00cdAS<\/strong>\n  <\/td><td>\n  <strong>PROF.\n  GU\u00cdA&nbsp; GRUPO<\/strong>\n  <\/td><\/tr><tr><td>\n  4.-\u201cMEMORIA\n  SILENCIOSA\u201d\n  <\/td><td>\n  LICEO&nbsp; EXPERIMENTAL UMAG.\n  <\/td><td>\n  CATALINA MANCILLA Y ROC\u00cdO CAICHEO\n  <\/td><td>\n  JORGE RISCO NAVARRO\n  <\/td><\/tr><\/tbody><\/table>\n\n\n\n<table class=\"wp-block-table\"><tbody><tr><td>\n  <strong>T\u00cdTULO DE\n  LA&nbsp; CANCI\u00d3N<\/strong>\n  <\/td><td>\n  <strong>ESTABLECIMIENTO<\/strong>\n  <\/td><td>\n  <strong>AUTOR\u00cdAS<\/strong>\n  <\/td><td>\n  <strong>PROF.\n  GU\u00cdA&nbsp; GRUPO<\/strong>\n  <\/td><\/tr><tr><td>\n  5.-\u201cEXTERMINIO\u201d\n  <\/td><td>\n  COLEGIO&nbsp; LUTERANO\n  <\/td><td>\n  JAVIERA BECERRA Y VICTORIA D\u00cdAZ\n  <\/td><td>\n  JOS\u00c9 ROBERTO N\u00da\u00d1EZ\n  <\/td><\/tr><\/tbody><\/table>\n\n\n\n<table class=\"wp-block-table\"><tbody><tr><td>\n  <strong>T\u00cdTULO DE\n  LA&nbsp; CANCI\u00d3N<\/strong>\n  <\/td><td>\n  <strong>ESTABLECIMIENTO<\/strong>\n  <\/td><td>\n  <strong>AUTOR\u00cdAS<\/strong>\n  <\/td><td>\n  <strong>PROF.\n  GU\u00cdA&nbsp; GRUPO<\/strong>\n  <\/td><\/tr><tr><td>\n  6.-\u201cNACIENDO EN\n  EL MAR\u201d\n  <\/td><td>\n  LICEO MAR\u00cdA AUXILIADORA\n  <\/td><td>\n  TALLER MUSICAL LICEO MAR\u00cdA\n  AUXILIADORA \n  <\/td><td>\n  RODRIGO ASCENCIO\n  <\/td><\/tr><\/tbody><\/table>\n\n\n\n<table class=\"wp-block-table\"><tbody><tr><td>\n  <strong>T\u00cdTULO DE\n  LA&nbsp; CANCI\u00d3N<\/strong>\n  <\/td><td>\n  <strong>ESTABLECIMIENTO<\/strong>\n  <\/td><td>\n  <strong>AUTOR\u00cdAS<\/strong>\n  <\/td><td>\n  <strong>PROF.\n  GU\u00cdA&nbsp; GRUPO<\/strong>\n  <\/td><\/tr><tr><td>\n  7.-\u201cDEL INFINITO\u201d\n  <\/td><td>\n  LICEO&nbsp; INDUSTRIAL ARMANDO QUEZADA ACHAR\u00c1N\n  <\/td><td>\n  JORGE NANCUANTE\n  <\/td><td>\n  JORGE RISCO NAVARRO\n  <\/td><\/tr><\/tbody><\/table>\n\n\n\n<table class=\"wp-block-table\"><tbody><tr><td> <strong>T\u00cdTULO DE   LA\u00a0 CANCI\u00d3N<\/strong>   <\/td><td>\n  <strong>ESTABLECIMIENTO<\/strong>\n  <\/td><td>\n  <strong>AUTOR\u00cdAS<\/strong>\n  <\/td><td>\n  <strong>PROF.\n  GU\u00cdA&nbsp; GRUPO<\/strong>\n  <\/td><\/tr><tr><td>\n  8.-\u201cHOMBRES DEL\n  MAR AUSTRAL\u201d\n  <\/td><td>\n  LICEO&nbsp; T\u00c9CNICO MAR\u00cdA BEHETY\n  <\/td><td>\n  CECILIA LEIVA Y\n  RENATA GONZ\u00c1LEZ\n  <\/td><td>\n  PATRICIO ZAVALA MU\u00d1OZ\n  <\/td><\/tr><\/tbody><\/table>\n\n\n\n<figure class=\"wp-block-image\"><img loading=\"lazy\" decoding=\"async\" width=\"800\" height=\"450\" src=\"https:\/\/www.radiopresidenteibanez.cl\/web\/wp-content\/uploads\/2019\/06\/62589303_2260702847354115_5141604391987445760_o.jpg\" alt=\"\" class=\"wp-image-5101\" srcset=\"https:\/\/www.radiopresidenteibanez.cl\/web\/wp-content\/uploads\/2019\/06\/62589303_2260702847354115_5141604391987445760_o.jpg 800w, https:\/\/www.radiopresidenteibanez.cl\/web\/wp-content\/uploads\/2019\/06\/62589303_2260702847354115_5141604391987445760_o-300x169.jpg 300w, https:\/\/www.radiopresidenteibanez.cl\/web\/wp-content\/uploads\/2019\/06\/62589303_2260702847354115_5141604391987445760_o-768x432.jpg 768w\" sizes=\"auto, (max-width: 800px) 100vw, 800px\" \/><\/figure>\n","protected":false},"excerpt":{"rendered":"<p>LUEGO DE REALIZARSE LAS \u201cAUDICIONES MUSICALES EN VIVO 2019\u201d, EN LAS CUALES SE CONCENTR\u00d3 UN AMPLIO MARCO PARTICIPATIVO DE LOS DIFERENTES PLANTELES EDUCACIONALES DE PUNTA ARENAS,&nbsp; EN JORNADAS QUE TUVIERON&#8230; <a class=\"read-more\" href=\"https:\/\/www.radiopresidenteibanez.cl\/web\/trabajos-clasificados-para-el-xxvi-festival-folklorico-estudiantil-en-la-patagonia-surcadores-de-suenos\/\">Leer m\u00e1s<\/a><\/p>\n","protected":false},"author":2,"featured_media":5101,"comment_status":"closed","ping_status":"closed","sticky":false,"template":"","format":"standard","meta":{"footnotes":""},"categories":[1],"tags":[],"class_list":["post-5100","post","type-post","status-publish","format-standard","has-post-thumbnail","hentry","category-cronica"],"_links":{"self":[{"href":"https:\/\/www.radiopresidenteibanez.cl\/web\/wp-json\/wp\/v2\/posts\/5100","targetHints":{"allow":["GET"]}}],"collection":[{"href":"https:\/\/www.radiopresidenteibanez.cl\/web\/wp-json\/wp\/v2\/posts"}],"about":[{"href":"https:\/\/www.radiopresidenteibanez.cl\/web\/wp-json\/wp\/v2\/types\/post"}],"author":[{"embeddable":true,"href":"https:\/\/www.radiopresidenteibanez.cl\/web\/wp-json\/wp\/v2\/users\/2"}],"replies":[{"embeddable":true,"href":"https:\/\/www.radiopresidenteibanez.cl\/web\/wp-json\/wp\/v2\/comments?post=5100"}],"version-history":[{"count":0,"href":"https:\/\/www.radiopresidenteibanez.cl\/web\/wp-json\/wp\/v2\/posts\/5100\/revisions"}],"wp:featuredmedia":[{"embeddable":true,"href":"https:\/\/www.radiopresidenteibanez.cl\/web\/wp-json\/wp\/v2\/media\/5101"}],"wp:attachment":[{"href":"https:\/\/www.radiopresidenteibanez.cl\/web\/wp-json\/wp\/v2\/media?parent=5100"}],"wp:term":[{"taxonomy":"category","embeddable":true,"href":"https:\/\/www.radiopresidenteibanez.cl\/web\/wp-json\/wp\/v2\/categories?post=5100"},{"taxonomy":"post_tag","embeddable":true,"href":"https:\/\/www.radiopresidenteibanez.cl\/web\/wp-json\/wp\/v2\/tags?post=5100"}],"curies":[{"name":"wp","href":"https:\/\/api.w.org\/{rel}","templated":true}]}}