{"id":5097,"date":"2019-06-17T12:33:48","date_gmt":"2019-06-17T12:33:48","guid":{"rendered":"http:\/\/www.radiopresidenteibanez.cl\/web\/?p=5097"},"modified":"2019-06-17T12:34:34","modified_gmt":"2019-06-17T12:34:34","slug":"la-torre-de-babel-por-ernesto-sepulveda","status":"publish","type":"post","link":"https:\/\/www.radiopresidenteibanez.cl\/web\/la-torre-de-babel-por-ernesto-sepulveda\/","title":{"rendered":"LA TORRE DE BABEL POR ERNESTO SEPULVEDA"},"content":{"rendered":"\n<p>Estimados amigos y amigas,&nbsp;&nbsp;se acuerdan del relato b\u00edblico sobre la Torre de Babel? Esta fue una gran obra que sus constructores se propusieron, para que fuera tan alta que alcanzara el cielo mismo. Seg\u00fan el relato del G\u00e9nesis, al ver esto, Dios orden\u00f3 que todos los constructores hablaran&nbsp;&nbsp;lenguas distintas, y desde all\u00ed ya no pudieron entenderse.<\/p>\n\n\n\n<p>La semana que pas\u00f3 en Magallanes, estuvimos montados en la Torre de Babel. Unos hablaban un lengua, y los dem\u00e1s otra. Y por cierto todos creyendo tener la raz\u00f3n.<\/p>\n\n\n\n<p>Me refiero al movimiento surgido en torno a la defensa de los empleos, del sector salmonero y del sector minero de Magallanes, que tuvo difusi\u00f3n en redes sociales y en medios tradicionales.&nbsp;<\/p>\n\n\n\n<p>Dirigentes de Sindicatos de trabajadores de las empresa de estos sectores econ\u00f3micos, publicaron avisos convocando a la comunidad a solidarizar. Por otra parte, grupos que se\u00f1alan estar en contra del desarrollo de la salmonicultura y de la miner\u00eda del carb\u00f3n, tambi\u00e9n convocan, pero esta vez a no participar en las movilizaciones.<\/p>\n\n\n\n<p>Es ins\u00f3lito, que compartiendo en las mismas calles de nuestras ciudades, estos grupos no se conocen entre s\u00ed, y parecen realmente hablar una distinta lengua.<\/p>\n\n\n\n<p>Los trabajadores denuncian la falta de inter\u00e9s de los pol\u00edticos locales por conocer su situaci\u00f3n. Al parecer varios de los parlamentarios, habr\u00edan adherido a demandas transmitidas por redes sociales, sin antes haberse dado el tiempo de visitar en terreno las faenas.<\/p>\n\n\n\n<p>Cuando tratamos de objetivar las diferencias, aparecen las posturas ideol\u00f3gicas, incluso se escuch\u00f3 decir \u201cNo queremos que venga mas gente\u201d. Refiri\u00e9ndose a la posibilidad de un incremento de poblaci\u00f3n, derivada de mejoramiento de la conectividad, y del desarrollo de proyectos productivos.<\/p>\n\n\n\n<p>El desarrollo de nuestra regi\u00f3n, es un desaf\u00edo en el cual todos estamos llamados a participar, no puede haber vetos ni exclusiones. Pero esto requiere un dialogo real, entre los actores econ\u00f3micos y sociales que est\u00e1n efectivamente en el territorio. No podemos entrampar el desarrollo regional, para dar en gusto a las redes sociales. Bastante hemos visto ya de como estas se manipulan, que hasta ej\u00e9rcitos de \u201cBots\u201d, se han usado para campa\u00f1as pol\u00edticas.<\/p>\n\n\n\n<p>La administraci\u00f3n actual, debe intervenir con celeridad, instalar las instancias de dialogo pertinente, para que avancemos a la definici\u00f3n de reglas claras, que den estabilidad no s\u00f3lo a la inversi\u00f3n en t\u00e9rminos financieros. Que a veces es lo que mas se escucha. Sino, que den estabilidad a la mano de obra. Decenas de miles de personas en Magallanes, que hace largos a\u00f1os ya, est\u00e1n teniendo un buen pasar, gracias a empleos estables y con seguridad social.<\/p>\n\n\n\n<p>El flagelo de la cesant\u00eda, no debiera ser un tema ideol\u00f3gico, que se agita cuando conviene. El valor del trabajo, y la dignidad del trabajador y trabajadora debe respetarse en todo momento. Mas a\u00fan cuando esos trabajadores luchan por defender sus fuentes de trabajo, en contra de poderosas ONG extranjeras, con amplio despliegue de adherentes virtuales.<\/p>\n\n\n\n<p>Quien no ha vivido la cesant\u00eda, dif\u00edcilmente podr\u00e1 opinar con conocimiento de causa. Se ha dicho por estos d\u00edas, que los empleos que se perder\u00e1n en el sector salmonero y en la miner\u00eda, ser\u00e1n reemplazados por nuevos y mejores empleos. Ser\u00eda para la risa, sino fuera dram\u00e1tico.<\/p>\n\n\n\n<p>La historia importa. S\u00f3lo hay que ir un par de d\u00e9cadas atr\u00e1s, a Lota y Coronel. Lo que signific\u00f3 el cierre de la empresa nacional del carb\u00f3n, ENACAR. Cesant\u00eda de miles de personas y sus familias. Generaciones de mineros, que no conocieron otra actividad en toda su vida, lanzados a la calle. Ah!, pero con su buen programa de capacitaci\u00f3n. Meses despu\u00e9s, las calles se llenaban de nuevos taxis colectivos y nuevas peluquer\u00edas.<\/p>\n\n\n\n<p>Es urgente, que los actores involucrados en este conflicto, dejen de lado los ideologismos, y sean capaces de sentarse para hablar en el mismo idioma, como enfrentaremos el desaf\u00edo de llevar nuestra regi\u00f3n al desarrollo en la pr\u00f3xima d\u00e9cada. Y como haremos eso, asegurando el cumplimiento de los est\u00e1ndares m\u00e1s exigentes en el aspecto medio ambiental.<\/p>\n\n\n\n<p>Soy Ernesto Sep\u00falveda, y estoy por la\u00a0\u00a0dignidad del trabajador y trabajadora.<\/p>\n\n\n\n<figure class=\"wp-block-image\"><img loading=\"lazy\" decoding=\"async\" width=\"1024\" height=\"768\" src=\"http:\/\/www.radiopresidenteibanez.cl\/web\/wp-content\/uploads\/2019\/03\/IMG-20190310-WA0014-1024x768.jpg\" alt=\"\" class=\"wp-image-2310\" srcset=\"https:\/\/www.radiopresidenteibanez.cl\/web\/wp-content\/uploads\/2019\/03\/IMG-20190310-WA0014.jpg 1024w, https:\/\/www.radiopresidenteibanez.cl\/web\/wp-content\/uploads\/2019\/03\/IMG-20190310-WA0014-300x225.jpg 300w, https:\/\/www.radiopresidenteibanez.cl\/web\/wp-content\/uploads\/2019\/03\/IMG-20190310-WA0014-768x576.jpg 768w\" sizes=\"auto, (max-width: 1024px) 100vw, 1024px\" \/><\/figure>\n","protected":false},"excerpt":{"rendered":"<p>Estimados amigos y amigas,&nbsp;&nbsp;se acuerdan del relato b\u00edblico sobre la Torre de Babel? Esta fue una gran obra que sus constructores se propusieron, para que fuera tan alta que alcanzara&#8230; <a class=\"read-more\" href=\"https:\/\/www.radiopresidenteibanez.cl\/web\/la-torre-de-babel-por-ernesto-sepulveda\/\">Leer m\u00e1s<\/a><\/p>\n","protected":false},"author":2,"featured_media":2310,"comment_status":"closed","ping_status":"closed","sticky":false,"template":"","format":"standard","meta":{"footnotes":""},"categories":[1],"tags":[],"class_list":["post-5097","post","type-post","status-publish","format-standard","has-post-thumbnail","hentry","category-cronica"],"_links":{"self":[{"href":"https:\/\/www.radiopresidenteibanez.cl\/web\/wp-json\/wp\/v2\/posts\/5097","targetHints":{"allow":["GET"]}}],"collection":[{"href":"https:\/\/www.radiopresidenteibanez.cl\/web\/wp-json\/wp\/v2\/posts"}],"about":[{"href":"https:\/\/www.radiopresidenteibanez.cl\/web\/wp-json\/wp\/v2\/types\/post"}],"author":[{"embeddable":true,"href":"https:\/\/www.radiopresidenteibanez.cl\/web\/wp-json\/wp\/v2\/users\/2"}],"replies":[{"embeddable":true,"href":"https:\/\/www.radiopresidenteibanez.cl\/web\/wp-json\/wp\/v2\/comments?post=5097"}],"version-history":[{"count":0,"href":"https:\/\/www.radiopresidenteibanez.cl\/web\/wp-json\/wp\/v2\/posts\/5097\/revisions"}],"wp:featuredmedia":[{"embeddable":true,"href":"https:\/\/www.radiopresidenteibanez.cl\/web\/wp-json\/wp\/v2\/media\/2310"}],"wp:attachment":[{"href":"https:\/\/www.radiopresidenteibanez.cl\/web\/wp-json\/wp\/v2\/media?parent=5097"}],"wp:term":[{"taxonomy":"category","embeddable":true,"href":"https:\/\/www.radiopresidenteibanez.cl\/web\/wp-json\/wp\/v2\/categories?post=5097"},{"taxonomy":"post_tag","embeddable":true,"href":"https:\/\/www.radiopresidenteibanez.cl\/web\/wp-json\/wp\/v2\/tags?post=5097"}],"curies":[{"name":"wp","href":"https:\/\/api.w.org\/{rel}","templated":true}]}}