{"id":50938,"date":"2024-08-30T09:31:00","date_gmt":"2024-08-30T12:31:00","guid":{"rendered":"https:\/\/www.radiopresidenteibanez.cl\/web\/?p=50938"},"modified":"2024-08-30T08:26:41","modified_gmt":"2024-08-30T11:26:41","slug":"magallanes-impulsa-un-plan-estrategico-de-promocion-turistica-en-colaboracion-publico-privado","status":"publish","type":"post","link":"https:\/\/www.radiopresidenteibanez.cl\/web\/magallanes-impulsa-un-plan-estrategico-de-promocion-turistica-en-colaboracion-publico-privado\/","title":{"rendered":"MAGALLANES IMPULSA UN PLAN ESTRATEGICO DE PROMOCION TURISTICA EN COLABORACION PUBLICO-PRIVADO"},"content":{"rendered":"\n<p>Una reuni\u00f3n clave se desarroll\u00f3 estejueves entre los<br>gremios y SERNATUR. Un paso importante para la promoci\u00f3n tur\u00edstica Magallanes ya<br>que, durante el encuentro, se present\u00f3 el Programa de Promoci\u00f3n Tur\u00edstica, que ser\u00e1<br>presentado al Consejo Regional en su pr\u00f3xima sesi\u00f3n.<br>Claudia Torres G\u00f3mez-Garfias, gerente de AustroChile AG, destac\u00f3 la importancia de la<br>reuni\u00f3n, \u201cfue tremendamente relevante e importante. No solo se coment\u00f3 el estatus<br>de las acciones planificadas para este segundo semestre en nuestra Regi\u00f3n y sus<br>avances administrativos, sino que tambi\u00e9n se present\u00f3 una apertura del Programa de<br>Promoci\u00f3n Tur\u00edstica. Es alentador confirmar que las acciones promocionales<br>propuestas por los gremios en marzo de este a\u00f1o han sido totalmente incluidas.\u201d<br>Torres agreg\u00f3 que \u201cestamos totalmente unidos como sector, tanto privados como<br>p\u00fablicos, para que este proceso llegue a buen fin, ya que no podemos seguir un a\u00f1o<br>m\u00e1s sin promocionar nuestro destino en Chile y en el mundo. Esperamos que nuestros<br>Consejeros Regionales consideren que la aprobaci\u00f3n de estos recursos es crucial no<br>solo para el Turismo Regional, sino tambi\u00e9n para toda la cadena productiva asociada a<br>esta industria. Una vez aprobado este programa, su implementaci\u00f3n ser\u00e1 trabajada y<br>consensuada en una mesa T\u00e9cnica P\u00fablica-Privada, donde el sector privado podr\u00e1<br>participar activamente en las decisiones.\u201d<br>La Gerente de HYST, Sara Adema Yusta resat\u00f3 la importancia de la aprobaci\u00f3n de los<br>recursos. \u201cPara HYST, es crucial que se aprueben los recursos solicitados en el proyecto<br>presentado por SERNATUR al CORE, ya que este refleja el proyecto que los gremios de<br>Turismo expusimos al Gobernador en mayo de este a\u00f1o. En esa instancia, destacamos<br>la necesidad de contar con un plan de promoci\u00f3n y marketing para Magallanes,<br>esencial para el fortalecimiento de nuestro sector. Confiamos en que el Consejo<br>Regional comprender\u00e1 la importancia de los requerimientos planteados en este<br>programa y que, al tomar la decisi\u00f3n final, prevalecer\u00e1 la necesidad de invertir en la<br>promoci\u00f3n tur\u00edstica, dada su relevancia para el desarrollo y crecimiento de nuestra<br>regi\u00f3n\u201d.<br>El programa presentado por SERNATUR Magallanes incluye las acciones promocionales<br>propuestas por los gremios de la regi\u00f3n a principios de este a\u00f1o, dirigidas a mercados<br>definidos en conjunto con los gremios de turismo de Magallanes.<br>Adriana Aguilar Lagos, gerente de la C\u00e1mara de Turismo de \u00daltima Esperanza recalc\u00f3<br>que \u201ccontar con los recursos regionales para la promoci\u00f3n tur\u00edstica de Magallanes es<br>vital, ya que estamos muy atrasados como destino internacional en la recuperaci\u00f3n del<br>mercado post-pandemia.Magallanes debe avanzar en esta materia para restablecer la<br>empleabilidad, la inversi\u00f3n tur\u00edstica y continuar siendo un aporte a las econom\u00edas<\/p>\n\n\n\n<p>locales, especialmente porque en este sector econ\u00f3mico participan mayoritariamente<br>j\u00f3venes y mujeres\u201d.<br>Finalmente, Ruth Saieh Gerenta de la Asociaci\u00f3n de Alojamientos Turisticos de la<br>Patagonia, ASATUR, asociaci\u00f3n que cuenta con m\u00e1s de 50 socios, indic\u00f3 que \u201cla<br>colaboraci\u00f3n realizada entre SERNATUR y las asociaciones tur\u00edsticas, con un enfoque<br>en la promoci\u00f3n tur\u00edstica y el compromiso con el desarrollo regional, ha generado un<br>ambicioso programa que promover\u00e1 la diversidad de experiencias que ofrece nuestra<br>regi\u00f3n. Este esfuerzo conjunto busca atraer m\u00e1s visitantes, apoyar a nuestras PYMES<br>tur\u00edsticas y seguir posicionando a Magallanes como un destino de clase mundial\u201d.<\/p>\n","protected":false},"excerpt":{"rendered":"<p>Una reuni\u00f3n clave se desarroll\u00f3 estejueves entre losgremios y SERNATUR. Un paso importante para la promoci\u00f3n tur\u00edstica Magallanes yaque, durante el encuentro, se present\u00f3 el Programa de Promoci\u00f3n Tur\u00edstica, que&#8230; <a class=\"read-more\" href=\"https:\/\/www.radiopresidenteibanez.cl\/web\/magallanes-impulsa-un-plan-estrategico-de-promocion-turistica-en-colaboracion-publico-privado\/\">Leer m\u00e1s<\/a><\/p>\n","protected":false},"author":2,"featured_media":50939,"comment_status":"closed","ping_status":"closed","sticky":false,"template":"","format":"standard","meta":{"footnotes":""},"categories":[1],"tags":[],"class_list":["post-50938","post","type-post","status-publish","format-standard","has-post-thumbnail","hentry","category-cronica"],"_links":{"self":[{"href":"https:\/\/www.radiopresidenteibanez.cl\/web\/wp-json\/wp\/v2\/posts\/50938","targetHints":{"allow":["GET"]}}],"collection":[{"href":"https:\/\/www.radiopresidenteibanez.cl\/web\/wp-json\/wp\/v2\/posts"}],"about":[{"href":"https:\/\/www.radiopresidenteibanez.cl\/web\/wp-json\/wp\/v2\/types\/post"}],"author":[{"embeddable":true,"href":"https:\/\/www.radiopresidenteibanez.cl\/web\/wp-json\/wp\/v2\/users\/2"}],"replies":[{"embeddable":true,"href":"https:\/\/www.radiopresidenteibanez.cl\/web\/wp-json\/wp\/v2\/comments?post=50938"}],"version-history":[{"count":0,"href":"https:\/\/www.radiopresidenteibanez.cl\/web\/wp-json\/wp\/v2\/posts\/50938\/revisions"}],"wp:featuredmedia":[{"embeddable":true,"href":"https:\/\/www.radiopresidenteibanez.cl\/web\/wp-json\/wp\/v2\/media\/50939"}],"wp:attachment":[{"href":"https:\/\/www.radiopresidenteibanez.cl\/web\/wp-json\/wp\/v2\/media?parent=50938"}],"wp:term":[{"taxonomy":"category","embeddable":true,"href":"https:\/\/www.radiopresidenteibanez.cl\/web\/wp-json\/wp\/v2\/categories?post=50938"},{"taxonomy":"post_tag","embeddable":true,"href":"https:\/\/www.radiopresidenteibanez.cl\/web\/wp-json\/wp\/v2\/tags?post=50938"}],"curies":[{"name":"wp","href":"https:\/\/api.w.org\/{rel}","templated":true}]}}